{"id":54642,"date":"2025-10-29T17:47:40","date_gmt":"2025-10-29T22:47:40","guid":{"rendered":"https:\/\/elmercuriomanta.ec\/?p=54642"},"modified":"2025-10-29T17:47:40","modified_gmt":"2025-10-29T22:47:40","slug":"como-alcalde-fue-un-mediocre-munoz-responde-a-yunda-en-cruce-de-acusaciones","status":"publish","type":"post","link":"https:\/\/elmercuriomanta.ec\/index.php\/2025\/10\/29\/como-alcalde-fue-un-mediocre-munoz-responde-a-yunda-en-cruce-de-acusaciones\/","title":{"rendered":"COMO ALCALDE FUE UN MEDIOCRE\u2019, MU\u00d1OZ RESPONDE A YUNDA EN CRUCE DE ACUSACIONES"},"content":{"rendered":"\n<figure class=\"wp-block-image size-full\"><img fetchpriority=\"high\" decoding=\"async\" width=\"291\" height=\"250\" src=\"https:\/\/elmercuriomanta.ec\/wp-content\/uploads\/2025\/10\/imagen-2.png\" alt=\"\" class=\"wp-image-54643\"\/><\/figure>\n\n\n\n<p><br>Quito, EM.-<br>Pabel Mu\u00f1oz respondi\u00f3 dos d\u00edas despu\u00e9s a las cr\u00edticas del exalcalde Jorge Yunda sobre la gesti\u00f3n municipal en Quito.<\/p>\n\n\n\n<p>Tras su rendici\u00f3n de cuentas, realizada este 26 de octubre el alcalde arremeti\u00f3 contra Yunda asegurando que \u201ccomo alcalde fue un mediocre\u201d. Yunda escribi\u00f3: \u201cEl mejor, el m\u00e1s querido por su gente y con su cuenta en Tik Tok. Yunda sencillito\u201d.<\/p>\n\n\n\n<p>En respuesta Pabel explic\u00f3: \u201cEl juicio l\u00edquido contra la doctora Linda Guam\u00e1n, que la condenen a 10 a\u00f1os de prisi\u00f3n solo para anular a un posible rival pol\u00edtico, miserable\u201d.<\/p>\n\n\n\n<p>Pabel Mu\u00f1oz, decidi\u00f3 responder en rueda de declaraciones: \u201cYunda, cuando se dign\u00f3 a ser alcalde de Quito, solo gener\u00f3 problemas que perduran\u201d.<\/p>\n\n\n\n<p>Sobre el funcionamiento del Metro de Quito en enero de 2025, afirm\u00f3 que los recursos se destinan al mantenimiento.<\/p>\n\n\n\n<p>Yunda calific\u00f3 de mediocre y populista la labor del actual alcalde y lo tild\u00f3 de \u201csocialbolivariano\u201d. Tambi\u00e9n sostuvo que \u201cno va a distraerse con la oposici\u00f3n que no aporta a la ciudad\u201d.<\/p>\n\n\n\n<p><\/p>\n","protected":false},"excerpt":{"rendered":"<p>Quito, EM.-Pabel Mu\u00f1oz respondi\u00f3 dos d\u00edas despu\u00e9s a las cr\u00edticas del exalcalde Jorge Yunda sobre la gesti\u00f3n municipal en Quito. Tras su rendici\u00f3n de cuentas, realizada este 26 de octubre el alcalde arremeti\u00f3 contra Yunda asegurando que \u201ccomo alcalde fue un mediocre\u201d. Yunda escribi\u00f3: \u201cEl mejor, el m\u00e1s querido por su gente y con su [&hellip;]<\/p>\n","protected":false},"author":14,"featured_media":0,"comment_status":"open","ping_status":"open","sticky":false,"template":"","format":"standard","meta":{"footnotes":""},"categories":[1],"tags":[],"class_list":["post-54642","post","type-post","status-publish","format-standard","hentry","category-uncategorized"],"_links":{"self":[{"href":"https:\/\/elmercuriomanta.ec\/index.php\/wp-json\/wp\/v2\/posts\/54642","targetHints":{"allow":["GET"]}}],"collection":[{"href":"https:\/\/elmercuriomanta.ec\/index.php\/wp-json\/wp\/v2\/posts"}],"about":[{"href":"https:\/\/elmercuriomanta.ec\/index.php\/wp-json\/wp\/v2\/types\/post"}],"author":[{"embeddable":true,"href":"https:\/\/elmercuriomanta.ec\/index.php\/wp-json\/wp\/v2\/users\/14"}],"replies":[{"embeddable":true,"href":"https:\/\/elmercuriomanta.ec\/index.php\/wp-json\/wp\/v2\/comments?post=54642"}],"version-history":[{"count":1,"href":"https:\/\/elmercuriomanta.ec\/index.php\/wp-json\/wp\/v2\/posts\/54642\/revisions"}],"predecessor-version":[{"id":54644,"href":"https:\/\/elmercuriomanta.ec\/index.php\/wp-json\/wp\/v2\/posts\/54642\/revisions\/54644"}],"wp:attachment":[{"href":"https:\/\/elmercuriomanta.ec\/index.php\/wp-json\/wp\/v2\/media?parent=54642"}],"wp:term":[{"taxonomy":"category","embeddable":true,"href":"https:\/\/elmercuriomanta.ec\/index.php\/wp-json\/wp\/v2\/categories?post=54642"},{"taxonomy":"post_tag","embeddable":true,"href":"https:\/\/elmercuriomanta.ec\/index.php\/wp-json\/wp\/v2\/tags?post=54642"}],"curies":[{"name":"wp","href":"https:\/\/api.w.org\/{rel}","templated":true}]}}