{"id":54639,"date":"2025-10-29T16:50:53","date_gmt":"2025-10-29T21:50:53","guid":{"rendered":"https:\/\/elmercuriomanta.ec\/?p=54639"},"modified":"2025-10-29T16:50:53","modified_gmt":"2025-10-29T21:50:53","slug":"gobierno-nacional-confirma-el-primer-pago-de-bonos-a-10-025-transportistas","status":"publish","type":"post","link":"https:\/\/elmercuriomanta.ec\/index.php\/2025\/10\/29\/gobierno-nacional-confirma-el-primer-pago-de-bonos-a-10-025-transportistas\/","title":{"rendered":"GOBIERNO NACIONAL CONFIRMA EL PRIMER PAGO DE BONOS A 10 025 TRANSPORTISTAS"},"content":{"rendered":"\n<figure class=\"wp-block-image size-full\"><img fetchpriority=\"high\" decoding=\"async\" width=\"250\" height=\"249\" src=\"https:\/\/elmercuriomanta.ec\/wp-content\/uploads\/2025\/10\/imagen-1.png\" alt=\"\" class=\"wp-image-54640\" srcset=\"https:\/\/elmercuriomanta.ec\/wp-content\/uploads\/2025\/10\/imagen-1.png 250w, https:\/\/elmercuriomanta.ec\/wp-content\/uploads\/2025\/10\/imagen-1-150x150.png 150w\" sizes=\"(max-width: 250px) 100vw, 250px\" \/><\/figure>\n\n\n\n<p>Quito, EM.- El Gobierno nacional inform\u00f3, este martes 28 de octubre del 2025, que ya se realiz\u00f3 el primer pago de 2,6 millones de d\u00f3lares a 10 025 transportistas para el pago de compensaciones.<\/p>\n\n\n\n<p>El dep\u00f3sito se entreg\u00f3 a transportistas de carga pesada (2DA, 2DB y 3A-TRACTO), liviana, mixto, carga y pasajeros de transporte escolar e institucional.<\/p>\n\n\n\n<p>Estas compensaciones se entregaron debido a la decisi\u00f3n del Gobierno de eliminar el subsidio al di\u00e9sel. Esa medida provoc\u00f3 un paro y la convocatoria por la Confederaci\u00f3n de Nacionalidades Ind\u00edgenas del Ecuador (Conaie) que dur\u00f3 31 d\u00edas.<\/p>\n\n\n\n<p>El Ministerio de Infraestructura y Transporte dijo que los pagos se efectuaron mediante transferencia bancaria y en ventanilla.<\/p>\n\n\n\n<p>El pago se entreg\u00f3 de manera seg\u00fan el \u00faltimo d\u00edgito de la c\u00e9dula de identidad, en las ventanillas del Banco del Pac\u00edfico, BanEcuador y entidades financieras aliadas a BanEcuador, a escala nacional.<\/p>\n\n\n\n<p>La Cartera de Estado se\u00f1al\u00f3 que los 10 025 transportistas comerciales no ser\u00e1n los \u00fanicos que recibir\u00e1n las compensaciones.<\/p>\n\n\n\n<p><\/p>\n","protected":false},"excerpt":{"rendered":"<p>Quito, EM.- El Gobierno nacional inform\u00f3, este martes 28 de octubre del 2025, que ya se realiz\u00f3 el primer pago de 2,6 millones de d\u00f3lares a 10 025 transportistas para el pago de compensaciones. El dep\u00f3sito se entreg\u00f3 a transportistas de carga pesada (2DA, 2DB y 3A-TRACTO), liviana, mixto, carga y pasajeros de transporte escolar [&hellip;]<\/p>\n","protected":false},"author":14,"featured_media":0,"comment_status":"open","ping_status":"open","sticky":false,"template":"","format":"standard","meta":{"footnotes":""},"categories":[1],"tags":[],"class_list":["post-54639","post","type-post","status-publish","format-standard","hentry","category-uncategorized"],"_links":{"self":[{"href":"https:\/\/elmercuriomanta.ec\/index.php\/wp-json\/wp\/v2\/posts\/54639","targetHints":{"allow":["GET"]}}],"collection":[{"href":"https:\/\/elmercuriomanta.ec\/index.php\/wp-json\/wp\/v2\/posts"}],"about":[{"href":"https:\/\/elmercuriomanta.ec\/index.php\/wp-json\/wp\/v2\/types\/post"}],"author":[{"embeddable":true,"href":"https:\/\/elmercuriomanta.ec\/index.php\/wp-json\/wp\/v2\/users\/14"}],"replies":[{"embeddable":true,"href":"https:\/\/elmercuriomanta.ec\/index.php\/wp-json\/wp\/v2\/comments?post=54639"}],"version-history":[{"count":1,"href":"https:\/\/elmercuriomanta.ec\/index.php\/wp-json\/wp\/v2\/posts\/54639\/revisions"}],"predecessor-version":[{"id":54641,"href":"https:\/\/elmercuriomanta.ec\/index.php\/wp-json\/wp\/v2\/posts\/54639\/revisions\/54641"}],"wp:attachment":[{"href":"https:\/\/elmercuriomanta.ec\/index.php\/wp-json\/wp\/v2\/media?parent=54639"}],"wp:term":[{"taxonomy":"category","embeddable":true,"href":"https:\/\/elmercuriomanta.ec\/index.php\/wp-json\/wp\/v2\/categories?post=54639"},{"taxonomy":"post_tag","embeddable":true,"href":"https:\/\/elmercuriomanta.ec\/index.php\/wp-json\/wp\/v2\/tags?post=54639"}],"curies":[{"name":"wp","href":"https:\/\/api.w.org\/{rel}","templated":true}]}}