{"id":54627,"date":"2025-10-29T15:27:19","date_gmt":"2025-10-29T20:27:19","guid":{"rendered":"https:\/\/elmercuriomanta.ec\/?p=54627"},"modified":"2025-10-29T15:27:19","modified_gmt":"2025-10-29T20:27:19","slug":"portoviejo-abre-oficina-de-encuentra-empleo-para-facilitar-acceso-a-vacantes-laborales","status":"publish","type":"post","link":"https:\/\/elmercuriomanta.ec\/index.php\/2025\/10\/29\/portoviejo-abre-oficina-de-encuentra-empleo-para-facilitar-acceso-a-vacantes-laborales\/","title":{"rendered":"PORTOVIEJO ABRE OFICINA DE \u201cENCUENTRA EMPLEO\u201d PARA FACILITAR ACCESO A VACANTES LABORALES"},"content":{"rendered":"\n<p>Desde esta semana, los habitantes de Portoviejo cuentan con un nuevo punto de apoyo para buscar trabajo. El Ministerio de Trabajo inaugur\u00f3 una oficina del programa \u201cEncuentra Empleo\u201d dentro del Palacio Municipal, en un espacio facilitado por la Alcald\u00eda de Portoviejo.<\/p>\n\n\n\n<p>El objetivo del punto de atenci\u00f3n es acercar la oferta laboral privada a los ciudadanos, brindando orientaci\u00f3n sobre c\u00f3mo postular a las vacantes disponibles en el portal oficial del Ministerio de Trabajo.<\/p>\n\n\n\n<p>La ministra Ivonne N\u00fa\u00f1ez particip\u00f3 en la apertura junto a la vicealcaldesa Mar\u00eda Isabel Guill\u00e9n Mendoza, quien destac\u00f3 la importancia de este tipo de iniciativas en una ciudad que busca fortalecer su desarrollo econ\u00f3mico y laboral.<\/p>\n\n\n\n<p>La oficina atender\u00e1 de lunes a viernes, de 08h00 a 17h00, y servir\u00e1 como punto de informaci\u00f3n. Los tr\u00e1mites, registros y postulaciones seguir\u00e1n realiz\u00e1ndose exclusivamente en l\u00ednea, a trav\u00e9s del portal del Ministerio.<\/p>\n\n\n\n<p><\/p>\n","protected":false},"excerpt":{"rendered":"<p>Desde esta semana, los habitantes de Portoviejo cuentan con un nuevo punto de apoyo para buscar trabajo. El Ministerio de Trabajo inaugur\u00f3 una oficina del programa \u201cEncuentra Empleo\u201d dentro del Palacio Municipal, en un espacio facilitado por la Alcald\u00eda de Portoviejo. El objetivo del punto de atenci\u00f3n es acercar la oferta laboral privada a los [&hellip;]<\/p>\n","protected":false},"author":14,"featured_media":54628,"comment_status":"open","ping_status":"open","sticky":false,"template":"","format":"standard","meta":{"footnotes":""},"categories":[1],"tags":[],"class_list":["post-54627","post","type-post","status-publish","format-standard","has-post-thumbnail","hentry","category-uncategorized"],"_links":{"self":[{"href":"https:\/\/elmercuriomanta.ec\/index.php\/wp-json\/wp\/v2\/posts\/54627","targetHints":{"allow":["GET"]}}],"collection":[{"href":"https:\/\/elmercuriomanta.ec\/index.php\/wp-json\/wp\/v2\/posts"}],"about":[{"href":"https:\/\/elmercuriomanta.ec\/index.php\/wp-json\/wp\/v2\/types\/post"}],"author":[{"embeddable":true,"href":"https:\/\/elmercuriomanta.ec\/index.php\/wp-json\/wp\/v2\/users\/14"}],"replies":[{"embeddable":true,"href":"https:\/\/elmercuriomanta.ec\/index.php\/wp-json\/wp\/v2\/comments?post=54627"}],"version-history":[{"count":1,"href":"https:\/\/elmercuriomanta.ec\/index.php\/wp-json\/wp\/v2\/posts\/54627\/revisions"}],"predecessor-version":[{"id":54629,"href":"https:\/\/elmercuriomanta.ec\/index.php\/wp-json\/wp\/v2\/posts\/54627\/revisions\/54629"}],"wp:featuredmedia":[{"embeddable":true,"href":"https:\/\/elmercuriomanta.ec\/index.php\/wp-json\/wp\/v2\/media\/54628"}],"wp:attachment":[{"href":"https:\/\/elmercuriomanta.ec\/index.php\/wp-json\/wp\/v2\/media?parent=54627"}],"wp:term":[{"taxonomy":"category","embeddable":true,"href":"https:\/\/elmercuriomanta.ec\/index.php\/wp-json\/wp\/v2\/categories?post=54627"},{"taxonomy":"post_tag","embeddable":true,"href":"https:\/\/elmercuriomanta.ec\/index.php\/wp-json\/wp\/v2\/tags?post=54627"}],"curies":[{"name":"wp","href":"https:\/\/api.w.org\/{rel}","templated":true}]}}