{"id":54598,"date":"2025-10-28T15:40:01","date_gmt":"2025-10-28T20:40:01","guid":{"rendered":"https:\/\/elmercuriomanta.ec\/?p=54598"},"modified":"2025-10-28T15:40:01","modified_gmt":"2025-10-28T20:40:01","slug":"independiente-del-valle-con-la-ilusion-de-lograr-el-titulo-de-la-sudamericana","status":"publish","type":"post","link":"https:\/\/elmercuriomanta.ec\/index.php\/2025\/10\/28\/independiente-del-valle-con-la-ilusion-de-lograr-el-titulo-de-la-sudamericana\/","title":{"rendered":"INDEPENDIENTE DEL VALLE CON LA ILUSI\u00d3N DE LOGRAR EL T\u00cdTULO DE LA SUDAMERICANA"},"content":{"rendered":"\n<p>El <strong>Independiente del Valle<\/strong> enfrenta hoy, a las <strong>19h30 (hora de Ecuador)<\/strong>, al <strong>Atl\u00e9tico Mineiro<\/strong> en el partido de vuelta que definir\u00e1 el pr\u00f3ximo martes al <strong>clasificado a la final de la Copa Sudamericana<\/strong>. Tras el <strong>empate 1-1<\/strong> del pasado martes en Quito, el cuadro del Valle mantuvo la fe intacta y tom\u00f3 todas las precauciones en su preparaci\u00f3n, en busca de su <strong>tercera final continental<\/strong>, tras los t\u00edtulos obtenidos en <strong>2019 y 2022<\/strong>.<\/p>\n\n\n\n<p>\u201cTenemos nuestras cualidades que podemos explotar y claro que podemos ganar, a pesar de que Atl\u00e9tico Mineiro es muy fuerte de local y aprovecha muy bien las individualidades que tiene\u201d, expres\u00f3 el t\u00e9cnico <strong>Rabanal<\/strong>.<\/p>\n\n\n\n<p>El estratega espa\u00f1ol explic\u00f3 que, desde el anterior encuentro, ha enfocado el trabajo del equipo en el <strong>orden t\u00e1ctico y mental<\/strong>, con el objetivo de <strong>mantener el arco en cero y aprovechar las oportunidades<\/strong> frente al rival.<\/p>\n\n\n\n<p>Rabanal destac\u00f3 el retorno del defensa argentino <strong>Mateo Carabajal<\/strong>, quien reaparecer\u00e1 tras cumplir dos partidos de suspensi\u00f3n, en reemplazo de <strong>Andy Velasco<\/strong>. Confirm\u00f3 adem\u00e1s la baja de <strong>Juan Cazares<\/strong> para el resto de la temporada, con <strong>Junior Sornoza<\/strong> como su sustituto natural.<\/p>\n\n\n\n<p>Aunque no adelant\u00f3 la alineaci\u00f3n titular, se prev\u00e9 que Independiente del Valle salte al campo con: <strong>Guido Villar; Mat\u00edas Fern\u00e1ndez, Richard Schunke, Mateo Carabajal, Gustavo Cort\u00e9z; Jordy Alc\u00edvar, Patrik Mercado, Darwin Guagua, Junior Sornoza; Michael Hoyos y Claudio Espineli.<\/strong><\/p>\n","protected":false},"excerpt":{"rendered":"<p>El Independiente del Valle enfrenta hoy, a las 19h30 (hora de Ecuador), al Atl\u00e9tico Mineiro en el partido de vuelta que definir\u00e1 el pr\u00f3ximo martes al clasificado a la final de la Copa Sudamericana. Tras el empate 1-1 del pasado martes en Quito, el cuadro del Valle mantuvo la fe intacta y tom\u00f3 todas las [&hellip;]<\/p>\n","protected":false},"author":14,"featured_media":54600,"comment_status":"open","ping_status":"open","sticky":false,"template":"","format":"standard","meta":{"footnotes":""},"categories":[1],"tags":[],"class_list":["post-54598","post","type-post","status-publish","format-standard","has-post-thumbnail","hentry","category-uncategorized"],"_links":{"self":[{"href":"https:\/\/elmercuriomanta.ec\/index.php\/wp-json\/wp\/v2\/posts\/54598","targetHints":{"allow":["GET"]}}],"collection":[{"href":"https:\/\/elmercuriomanta.ec\/index.php\/wp-json\/wp\/v2\/posts"}],"about":[{"href":"https:\/\/elmercuriomanta.ec\/index.php\/wp-json\/wp\/v2\/types\/post"}],"author":[{"embeddable":true,"href":"https:\/\/elmercuriomanta.ec\/index.php\/wp-json\/wp\/v2\/users\/14"}],"replies":[{"embeddable":true,"href":"https:\/\/elmercuriomanta.ec\/index.php\/wp-json\/wp\/v2\/comments?post=54598"}],"version-history":[{"count":1,"href":"https:\/\/elmercuriomanta.ec\/index.php\/wp-json\/wp\/v2\/posts\/54598\/revisions"}],"predecessor-version":[{"id":54601,"href":"https:\/\/elmercuriomanta.ec\/index.php\/wp-json\/wp\/v2\/posts\/54598\/revisions\/54601"}],"wp:featuredmedia":[{"embeddable":true,"href":"https:\/\/elmercuriomanta.ec\/index.php\/wp-json\/wp\/v2\/media\/54600"}],"wp:attachment":[{"href":"https:\/\/elmercuriomanta.ec\/index.php\/wp-json\/wp\/v2\/media?parent=54598"}],"wp:term":[{"taxonomy":"category","embeddable":true,"href":"https:\/\/elmercuriomanta.ec\/index.php\/wp-json\/wp\/v2\/categories?post=54598"},{"taxonomy":"post_tag","embeddable":true,"href":"https:\/\/elmercuriomanta.ec\/index.php\/wp-json\/wp\/v2\/tags?post=54598"}],"curies":[{"name":"wp","href":"https:\/\/api.w.org\/{rel}","templated":true}]}}