{"id":54585,"date":"2025-10-28T15:18:45","date_gmt":"2025-10-28T20:18:45","guid":{"rendered":"https:\/\/elmercuriomanta.ec\/?p=54585"},"modified":"2025-10-28T15:18:45","modified_gmt":"2025-10-28T20:18:45","slug":"vocera-del-gobierno-denuncia-amenazas-tras-revelar-presunta-evasion-de-impuestos","status":"publish","type":"post","link":"https:\/\/elmercuriomanta.ec\/index.php\/2025\/10\/28\/vocera-del-gobierno-denuncia-amenazas-tras-revelar-presunta-evasion-de-impuestos\/","title":{"rendered":"VOCERA DEL GOBIERNO DENUNCIA AMENAZAS TRAS REVELAR PRESUNTA EVASI\u00d3N DE IMPUESTOS"},"content":{"rendered":"\n<figure class=\"wp-block-image size-full is-resized\"><img fetchpriority=\"high\" decoding=\"async\" width=\"1024\" height=\"683\" src=\"https:\/\/elmercuriomanta.ec\/wp-content\/uploads\/2025\/10\/Carolina-Jaramillo-portavoz-Daniel-Noboa-1024x683-1.jpg\" alt=\"\" class=\"wp-image-54586\" style=\"width:327px;height:auto\" srcset=\"https:\/\/elmercuriomanta.ec\/wp-content\/uploads\/2025\/10\/Carolina-Jaramillo-portavoz-Daniel-Noboa-1024x683-1.jpg 1024w, https:\/\/elmercuriomanta.ec\/wp-content\/uploads\/2025\/10\/Carolina-Jaramillo-portavoz-Daniel-Noboa-1024x683-1-300x200.jpg 300w, https:\/\/elmercuriomanta.ec\/wp-content\/uploads\/2025\/10\/Carolina-Jaramillo-portavoz-Daniel-Noboa-1024x683-1-768x512.jpg 768w\" sizes=\"(max-width: 1024px) 100vw, 1024px\" \/><\/figure>\n\n\n\n<p>Quito, EM.- La vocera del Gobierno, <strong>Carolina Jaramillo<\/strong>, inform\u00f3, durante una entrevista en el programa <strong>Caf\u00e9 La Posta<\/strong>, que presentar\u00e1 una <strong>denuncia<\/strong> luego de recibir un <strong>mensaje intimidatorio<\/strong> con la foto de su vivienda y la advertencia de \u201cno hablar nunca m\u00e1s\u201d del caso de una presunta <strong>evasi\u00f3n de impuestos<\/strong> de un medio impreso nacional. La advertencia lleg\u00f3 en la noche del <strong>domingo, 26 de octubre de 2025<\/strong>, a trav\u00e9s de la red social <strong>X<\/strong>.<\/p>\n\n\n\n<p><strong>\u201cUSTEDES SON LOS COBARDES\u201d<\/strong><br>A trav\u00e9s de un post en <strong>X<\/strong>, Jaramillo dijo: \u201cNo voy a dejar de hablar del caso. Esto es una clara amenaza a mi vida y la de mi hija. Env\u00edan una foto de donde vivo y no me cabe duda de que esperan mi silencio, se equivocan. Presentar\u00e9 la denuncia y hablar\u00e9 del caso. El temor no me detiene \u00a1Ustedes son los cobardes!\u201d.<\/p>\n\n\n\n<p>La funcionaria agreg\u00f3 que el caso <strong>no es una batalla entre el diario y el Gobierno<\/strong>, sino \u201cuna batalla para que este tipo de casos no queden impunes\u201d. Jaramillo indic\u00f3 que formalizar\u00e1 la <strong>denuncia por las amenazas<\/strong> y reiter\u00f3 que continuar\u00e1 informando sobre el caso.<\/p>\n\n\n\n<p><\/p>\n","protected":false},"excerpt":{"rendered":"<p>Quito, EM.- La vocera del Gobierno, Carolina Jaramillo, inform\u00f3, durante una entrevista en el programa Caf\u00e9 La Posta, que presentar\u00e1 una denuncia luego de recibir un mensaje intimidatorio con la foto de su vivienda y la advertencia de \u201cno hablar nunca m\u00e1s\u201d del caso de una presunta evasi\u00f3n de impuestos de un medio impreso nacional. [&hellip;]<\/p>\n","protected":false},"author":14,"featured_media":0,"comment_status":"open","ping_status":"open","sticky":false,"template":"","format":"standard","meta":{"footnotes":""},"categories":[1],"tags":[],"class_list":["post-54585","post","type-post","status-publish","format-standard","hentry","category-uncategorized"],"_links":{"self":[{"href":"https:\/\/elmercuriomanta.ec\/index.php\/wp-json\/wp\/v2\/posts\/54585","targetHints":{"allow":["GET"]}}],"collection":[{"href":"https:\/\/elmercuriomanta.ec\/index.php\/wp-json\/wp\/v2\/posts"}],"about":[{"href":"https:\/\/elmercuriomanta.ec\/index.php\/wp-json\/wp\/v2\/types\/post"}],"author":[{"embeddable":true,"href":"https:\/\/elmercuriomanta.ec\/index.php\/wp-json\/wp\/v2\/users\/14"}],"replies":[{"embeddable":true,"href":"https:\/\/elmercuriomanta.ec\/index.php\/wp-json\/wp\/v2\/comments?post=54585"}],"version-history":[{"count":1,"href":"https:\/\/elmercuriomanta.ec\/index.php\/wp-json\/wp\/v2\/posts\/54585\/revisions"}],"predecessor-version":[{"id":54588,"href":"https:\/\/elmercuriomanta.ec\/index.php\/wp-json\/wp\/v2\/posts\/54585\/revisions\/54588"}],"wp:attachment":[{"href":"https:\/\/elmercuriomanta.ec\/index.php\/wp-json\/wp\/v2\/media?parent=54585"}],"wp:term":[{"taxonomy":"category","embeddable":true,"href":"https:\/\/elmercuriomanta.ec\/index.php\/wp-json\/wp\/v2\/categories?post=54585"},{"taxonomy":"post_tag","embeddable":true,"href":"https:\/\/elmercuriomanta.ec\/index.php\/wp-json\/wp\/v2\/tags?post=54585"}],"curies":[{"name":"wp","href":"https:\/\/api.w.org\/{rel}","templated":true}]}}