{"id":54582,"date":"2025-10-28T15:06:31","date_gmt":"2025-10-28T20:06:31","guid":{"rendered":"https:\/\/elmercuriomanta.ec\/?p=54582"},"modified":"2025-10-28T15:06:31","modified_gmt":"2025-10-28T20:06:31","slug":"noboa-emite-decreto-sobre-como-se-diferiran-las-cuotas-bancarias-para-afectados-por-el-paro","status":"publish","type":"post","link":"https:\/\/elmercuriomanta.ec\/index.php\/2025\/10\/28\/noboa-emite-decreto-sobre-como-se-diferiran-las-cuotas-bancarias-para-afectados-por-el-paro\/","title":{"rendered":"NOBOA EMITE DECRETO SOBRE C\u00d3MO SE DIFERIR\u00c1N LAS CUOTAS BANCARIAS PARA AFECTADOS POR EL PARO"},"content":{"rendered":"\n<figure class=\"wp-block-image size-large is-resized\"><img fetchpriority=\"high\" decoding=\"async\" width=\"1024\" height=\"576\" src=\"https:\/\/elmercuriomanta.ec\/wp-content\/uploads\/2025\/10\/68c2086771082-1024x576.jpeg\" alt=\"\" class=\"wp-image-54583\" style=\"width:471px;height:auto\" srcset=\"https:\/\/elmercuriomanta.ec\/wp-content\/uploads\/2025\/10\/68c2086771082-1024x576.jpeg 1024w, https:\/\/elmercuriomanta.ec\/wp-content\/uploads\/2025\/10\/68c2086771082-300x169.jpeg 300w, https:\/\/elmercuriomanta.ec\/wp-content\/uploads\/2025\/10\/68c2086771082-768x432.jpeg 768w, https:\/\/elmercuriomanta.ec\/wp-content\/uploads\/2025\/10\/68c2086771082.jpeg 1200w\" sizes=\"(max-width: 1024px) 100vw, 1024px\" \/><\/figure>\n\n\n\n<p>Quito, EM.- A trav\u00e9s del <strong>Decreto 192<\/strong>, el presidente <strong>Daniel Noboa<\/strong> detall\u00f3 c\u00f3mo se aplicar\u00e1 una de las <strong>16 medidas econ\u00f3micas<\/strong> anunciadas para los afectados por el paro de la <strong>Confederaci\u00f3n de Nacionalidades Ind\u00edgenas del Ecuador (Conaie)<\/strong>, que tuvo una duraci\u00f3n de <strong>31 d\u00edas<\/strong>.<\/p>\n\n\n\n<p>El beneficio consiste en el <strong>diferimiento extraordinario y temporal de las obligaciones crediticias<\/strong> de personas que viven en las localidades m\u00e1s golpeadas por las protestas.<\/p>\n\n\n\n<p>La medida aplica a clientes de <strong>entidades financieras p\u00fablicas, privadas, populares y solidarias<\/strong> que tengan <strong>domicilio civil o tributario<\/strong> en las provincias de <strong>Carchi e Imbabura<\/strong>, epicentros del paro. Adem\u00e1s, el beneficio se extender\u00e1 a los <strong>cantones Cayambe y Pedro Moncayo<\/strong>, de la provincia de Pichincha, y a las parroquias de <strong>Guayllabamba y Calder\u00f3n<\/strong>, del cant\u00f3n <strong>Quito<\/strong>.<\/p>\n\n\n\n<p>Seg\u00fan el <strong>Decreto Ejecutivo<\/strong>, el diferimiento podr\u00e1 aplicarse por <strong>hasta 90 d\u00edas<\/strong>, y las cuotas diferidas podr\u00e1n trasladarse al final de la <strong>tabla de amortizaci\u00f3n<\/strong> correspondiente.<\/p>\n\n\n\n<p>El presidente <strong>Daniel Noboa<\/strong> asegur\u00f3 que este mecanismo de diferimiento extraordinario y temporal <strong>no generar\u00e1 intereses moratorios, gastos, recargos ni multas<\/strong>, buscando aliviar la carga financiera de los afectados y mitigar los impactos econ\u00f3micos del paro.<\/p>\n\n\n\n<p>La medida forma parte de un paquete de <strong>16 acciones econ\u00f3micas<\/strong> implementadas por el gobierno para atender a las personas y comunidades m\u00e1s afectadas por las protestas.<\/p>\n","protected":false},"excerpt":{"rendered":"<p>Quito, EM.- A trav\u00e9s del Decreto 192, el presidente Daniel Noboa detall\u00f3 c\u00f3mo se aplicar\u00e1 una de las 16 medidas econ\u00f3micas anunciadas para los afectados por el paro de la Confederaci\u00f3n de Nacionalidades Ind\u00edgenas del Ecuador (Conaie), que tuvo una duraci\u00f3n de 31 d\u00edas. El beneficio consiste en el diferimiento extraordinario y temporal de las [&hellip;]<\/p>\n","protected":false},"author":14,"featured_media":0,"comment_status":"open","ping_status":"open","sticky":false,"template":"","format":"standard","meta":{"footnotes":""},"categories":[1],"tags":[],"class_list":["post-54582","post","type-post","status-publish","format-standard","hentry","category-uncategorized"],"_links":{"self":[{"href":"https:\/\/elmercuriomanta.ec\/index.php\/wp-json\/wp\/v2\/posts\/54582","targetHints":{"allow":["GET"]}}],"collection":[{"href":"https:\/\/elmercuriomanta.ec\/index.php\/wp-json\/wp\/v2\/posts"}],"about":[{"href":"https:\/\/elmercuriomanta.ec\/index.php\/wp-json\/wp\/v2\/types\/post"}],"author":[{"embeddable":true,"href":"https:\/\/elmercuriomanta.ec\/index.php\/wp-json\/wp\/v2\/users\/14"}],"replies":[{"embeddable":true,"href":"https:\/\/elmercuriomanta.ec\/index.php\/wp-json\/wp\/v2\/comments?post=54582"}],"version-history":[{"count":1,"href":"https:\/\/elmercuriomanta.ec\/index.php\/wp-json\/wp\/v2\/posts\/54582\/revisions"}],"predecessor-version":[{"id":54584,"href":"https:\/\/elmercuriomanta.ec\/index.php\/wp-json\/wp\/v2\/posts\/54582\/revisions\/54584"}],"wp:attachment":[{"href":"https:\/\/elmercuriomanta.ec\/index.php\/wp-json\/wp\/v2\/media?parent=54582"}],"wp:term":[{"taxonomy":"category","embeddable":true,"href":"https:\/\/elmercuriomanta.ec\/index.php\/wp-json\/wp\/v2\/categories?post=54582"},{"taxonomy":"post_tag","embeddable":true,"href":"https:\/\/elmercuriomanta.ec\/index.php\/wp-json\/wp\/v2\/tags?post=54582"}],"curies":[{"name":"wp","href":"https:\/\/api.w.org\/{rel}","templated":true}]}}