{"id":53709,"date":"2025-10-11T11:39:39","date_gmt":"2025-10-11T16:39:39","guid":{"rendered":"https:\/\/elmercuriomanta.ec\/?p=53709"},"modified":"2025-10-11T11:39:39","modified_gmt":"2025-10-11T16:39:39","slug":"contingentes-militares-empiezan-a-llegar-a-quito-para-resguardar-la-seguridad-en-medio-del-paro","status":"publish","type":"post","link":"https:\/\/elmercuriomanta.ec\/index.php\/2025\/10\/11\/contingentes-militares-empiezan-a-llegar-a-quito-para-resguardar-la-seguridad-en-medio-del-paro\/","title":{"rendered":"Contingentes Militares Empiezan a llegar a Quito para Resguardar la Seguridad en Medio del Paro"},"content":{"rendered":"\n<figure class=\"wp-block-image aligncenter size-full is-resized\"><img fetchpriority=\"high\" decoding=\"async\" width=\"448\" height=\"252\" src=\"https:\/\/elmercuriomanta.ec\/wp-content\/uploads\/2025\/10\/image-90.png\" alt=\"\" class=\"wp-image-53710\" style=\"width:512px;height:auto\" srcset=\"https:\/\/elmercuriomanta.ec\/wp-content\/uploads\/2025\/10\/image-90.png 448w, https:\/\/elmercuriomanta.ec\/wp-content\/uploads\/2025\/10\/image-90-300x169.png 300w\" sizes=\"(max-width: 448px) 100vw, 448px\" \/><\/figure>\n\n\n\n<p>Decenas de militares arriban a Quito por v\u00eda a\u00e9rea la tarde de este viernes 10 de octubre del 2025 con el objetivo de reforzar la seguridad en el pa\u00eds, informaron las Fuerzas Armadas. El movimiento de los uniformados desde los puntos menos conflictivos del pa\u00eds responde a un anuncio realizado por el presidente de la Confederaci\u00f3n de Nacionalidades del Ecuador (Conaie), Marlon Vargas, de trasladar las movilizaciones del movimiento ind\u00edgena hacia Quito.<\/p>\n\n\n\n<p>El amplio despliegue de unidades militares busca \u201creforzar la seguridad en Quito y en las zonas de la Sierra Norte, donde se registran los mayores niveles de riesgo y conflictividad, indicaron las Fuerzas Armadas en su cuenta de X. El comunicado a\u00f1ade que el movimiento de militares busca contener posibles amenazas y fortalecer el control territorial.<\/p>\n","protected":false},"excerpt":{"rendered":"<p>Decenas de militares arriban a Quito por v\u00eda a\u00e9rea la tarde de este viernes 10 de octubre del 2025 con el objetivo de reforzar la seguridad en el pa\u00eds, informaron las Fuerzas Armadas. El movimiento de los uniformados desde los puntos menos conflictivos del pa\u00eds responde a un anuncio realizado por el presidente de la Confederaci\u00f3n de Nacionalidades del Ecuador (Conaie), Marlon Vargas, de trasladar las movilizaciones del movimiento ind\u00edgena hacia Quito.<\/p>\n<p>El amplio despliegue de unidades militares busca \u201creforzar la seguridad en Quito y en las zonas de la Sierra Norte, donde se registran los mayores niveles de riesgo y conflictividad, indicaron las Fuerzas Armadas en su cuenta de X. El comunicado a\u00f1ade que el movimiento de militares busca contener posibles amenazas y fortalecer el control territorial.<\/p>\n","protected":false},"author":12,"featured_media":53710,"comment_status":"open","ping_status":"open","sticky":false,"template":"","format":"standard","meta":{"footnotes":""},"categories":[1],"tags":[23],"class_list":["post-53709","post","type-post","status-publish","format-standard","has-post-thumbnail","hentry","category-uncategorized","tag-ecuador"],"_links":{"self":[{"href":"https:\/\/elmercuriomanta.ec\/index.php\/wp-json\/wp\/v2\/posts\/53709","targetHints":{"allow":["GET"]}}],"collection":[{"href":"https:\/\/elmercuriomanta.ec\/index.php\/wp-json\/wp\/v2\/posts"}],"about":[{"href":"https:\/\/elmercuriomanta.ec\/index.php\/wp-json\/wp\/v2\/types\/post"}],"author":[{"embeddable":true,"href":"https:\/\/elmercuriomanta.ec\/index.php\/wp-json\/wp\/v2\/users\/12"}],"replies":[{"embeddable":true,"href":"https:\/\/elmercuriomanta.ec\/index.php\/wp-json\/wp\/v2\/comments?post=53709"}],"version-history":[{"count":1,"href":"https:\/\/elmercuriomanta.ec\/index.php\/wp-json\/wp\/v2\/posts\/53709\/revisions"}],"predecessor-version":[{"id":53711,"href":"https:\/\/elmercuriomanta.ec\/index.php\/wp-json\/wp\/v2\/posts\/53709\/revisions\/53711"}],"wp:featuredmedia":[{"embeddable":true,"href":"https:\/\/elmercuriomanta.ec\/index.php\/wp-json\/wp\/v2\/media\/53710"}],"wp:attachment":[{"href":"https:\/\/elmercuriomanta.ec\/index.php\/wp-json\/wp\/v2\/media?parent=53709"}],"wp:term":[{"taxonomy":"category","embeddable":true,"href":"https:\/\/elmercuriomanta.ec\/index.php\/wp-json\/wp\/v2\/categories?post=53709"},{"taxonomy":"post_tag","embeddable":true,"href":"https:\/\/elmercuriomanta.ec\/index.php\/wp-json\/wp\/v2\/tags?post=53709"}],"curies":[{"name":"wp","href":"https:\/\/api.w.org\/{rel}","templated":true}]}}