{"id":53697,"date":"2025-10-11T10:49:08","date_gmt":"2025-10-11T15:49:08","guid":{"rendered":"https:\/\/elmercuriomanta.ec\/?p=53697"},"modified":"2025-10-11T10:49:08","modified_gmt":"2025-10-11T15:49:08","slug":"onu-analiza-la-situacion-de-los-derechos-humanos-en-el-paro-nacional","status":"publish","type":"post","link":"https:\/\/elmercuriomanta.ec\/index.php\/2025\/10\/11\/onu-analiza-la-situacion-de-los-derechos-humanos-en-el-paro-nacional\/","title":{"rendered":"ONU Analiza la Situaci\u00f3n de los Derechos Humanos en el Paro Nacional"},"content":{"rendered":"\n<figure class=\"wp-block-image aligncenter size-full is-resized\"><img fetchpriority=\"high\" decoding=\"async\" width=\"440\" height=\"279\" src=\"https:\/\/elmercuriomanta.ec\/wp-content\/uploads\/2025\/10\/image-86.png\" alt=\"\" class=\"wp-image-53698\" style=\"width:445px;height:auto\" srcset=\"https:\/\/elmercuriomanta.ec\/wp-content\/uploads\/2025\/10\/image-86.png 440w, https:\/\/elmercuriomanta.ec\/wp-content\/uploads\/2025\/10\/image-86-300x190.png 300w\" sizes=\"(max-width: 440px) 100vw, 440px\" \/><\/figure>\n\n\n\n<p>El representante de la ONU en Derechos Humanos para Am\u00e9rica del Sur, Jan Jarab, se reuni\u00f3 con los dirigentes de los pueblos Kichwa de la Sierra norte del pa\u00eds para analizar \u201cla situaci\u00f3n de derechos humanos en el contexto de las movilizaciones que se desarrollan en Ecuador desde los \u00faltimos d\u00edas de septiembre\u201d, inform\u00f3 este 10 de octubre de 2025 la Oficina Regional del Alto Comisionado.<\/p>\n\n\n\n<p>Jarab mantuvo un encuentro de forma telem\u00e1tica el jueves, en donde los voceros ind\u00edgenas le manifestaron que existe preocupaci\u00f3n por el aumento de la presencia militar y policial en las comunidades que han participado en las movilizaciones, en el contexto del paro nacional convocado por la Confederaci\u00f3n de Nacionalidades Ind\u00edgenas del Ecuador (Conaie). Aunque no mencion\u00f3 los nombres de los dirigentes que participaron en la reuni\u00f3n, el representante de la ONU se\u00f1al\u00f3 que los voceros solicitaron esclarecer la muerte del comunero ind\u00edgena, Efra\u00edn Fuerez, quien perdi\u00f3 la vida el pasado 28 de septiembre en Cotacachi, provincia de Imbabura.<\/p>\n","protected":false},"excerpt":{"rendered":"<p>El representante de la ONU en Derechos Humanos para Am\u00e9rica del Sur, Jan Jarab, se reuni\u00f3 con los dirigentes de los pueblos Kichwa de la Sierra norte del pa\u00eds para analizar \u201cla situaci\u00f3n de derechos humanos en el contexto de las movilizaciones que se desarrollan en Ecuador desde los \u00faltimos d\u00edas de septiembre\u201d, inform\u00f3 este 10 de octubre de 2025 la Oficina Regional del Alto Comisionado.<\/p>\n<p>Jarab mantuvo un encuentro de forma telem\u00e1tica el jueves, en donde los voceros ind\u00edgenas le manifestaron que existe preocupaci\u00f3n por el aumento de la presencia militar y policial en las comunidades que han participado en las movilizaciones, en el contexto del paro nacional convocado por la Confederaci\u00f3n de Nacionalidades Ind\u00edgenas del Ecuador (Conaie). Aunque no mencion\u00f3 los nombres de los dirigentes que participaron en la reuni\u00f3n, el representante de la ONU se\u00f1al\u00f3 que los voceros solicitaron esclarecer la muerte del comunero ind\u00edgena, Efra\u00edn Fuerez, quien perdi\u00f3 la vida el pasado 28 de septiembre en Cotacachi, provincia de Imbabura<\/p>\n","protected":false},"author":12,"featured_media":53698,"comment_status":"open","ping_status":"open","sticky":false,"template":"","format":"standard","meta":{"footnotes":""},"categories":[1],"tags":[23],"class_list":["post-53697","post","type-post","status-publish","format-standard","has-post-thumbnail","hentry","category-uncategorized","tag-ecuador"],"_links":{"self":[{"href":"https:\/\/elmercuriomanta.ec\/index.php\/wp-json\/wp\/v2\/posts\/53697","targetHints":{"allow":["GET"]}}],"collection":[{"href":"https:\/\/elmercuriomanta.ec\/index.php\/wp-json\/wp\/v2\/posts"}],"about":[{"href":"https:\/\/elmercuriomanta.ec\/index.php\/wp-json\/wp\/v2\/types\/post"}],"author":[{"embeddable":true,"href":"https:\/\/elmercuriomanta.ec\/index.php\/wp-json\/wp\/v2\/users\/12"}],"replies":[{"embeddable":true,"href":"https:\/\/elmercuriomanta.ec\/index.php\/wp-json\/wp\/v2\/comments?post=53697"}],"version-history":[{"count":1,"href":"https:\/\/elmercuriomanta.ec\/index.php\/wp-json\/wp\/v2\/posts\/53697\/revisions"}],"predecessor-version":[{"id":53699,"href":"https:\/\/elmercuriomanta.ec\/index.php\/wp-json\/wp\/v2\/posts\/53697\/revisions\/53699"}],"wp:featuredmedia":[{"embeddable":true,"href":"https:\/\/elmercuriomanta.ec\/index.php\/wp-json\/wp\/v2\/media\/53698"}],"wp:attachment":[{"href":"https:\/\/elmercuriomanta.ec\/index.php\/wp-json\/wp\/v2\/media?parent=53697"}],"wp:term":[{"taxonomy":"category","embeddable":true,"href":"https:\/\/elmercuriomanta.ec\/index.php\/wp-json\/wp\/v2\/categories?post=53697"},{"taxonomy":"post_tag","embeddable":true,"href":"https:\/\/elmercuriomanta.ec\/index.php\/wp-json\/wp\/v2\/tags?post=53697"}],"curies":[{"name":"wp","href":"https:\/\/api.w.org\/{rel}","templated":true}]}}