{"id":53694,"date":"2025-10-11T10:21:58","date_gmt":"2025-10-11T15:21:58","guid":{"rendered":"https:\/\/elmercuriomanta.ec\/?p=53694"},"modified":"2025-10-11T10:21:58","modified_gmt":"2025-10-11T15:21:58","slug":"puerto-lopez-alista-la-octava-edicion-de-festiartes-evento-que-reune-a-mas-de-100-artistas","status":"publish","type":"post","link":"https:\/\/elmercuriomanta.ec\/index.php\/2025\/10\/11\/puerto-lopez-alista-la-octava-edicion-de-festiartes-evento-que-reune-a-mas-de-100-artistas\/","title":{"rendered":"Puerto L\u00f3pez Alista la Octava Edici\u00f3n de Festiartes, Evento que Re\u00fane a M\u00e1s de 100 Artistas"},"content":{"rendered":"\n<figure class=\"wp-block-image aligncenter size-large is-resized\"><img fetchpriority=\"high\" decoding=\"async\" width=\"1024\" height=\"682\" src=\"https:\/\/elmercuriomanta.ec\/wp-content\/uploads\/2025\/10\/image-85-1024x682.png\" alt=\"\" class=\"wp-image-53695\" style=\"width:589px;height:auto\" srcset=\"https:\/\/elmercuriomanta.ec\/wp-content\/uploads\/2025\/10\/image-85-1024x682.png 1024w, https:\/\/elmercuriomanta.ec\/wp-content\/uploads\/2025\/10\/image-85-300x200.png 300w, https:\/\/elmercuriomanta.ec\/wp-content\/uploads\/2025\/10\/image-85-768x512.png 768w, https:\/\/elmercuriomanta.ec\/wp-content\/uploads\/2025\/10\/image-85-1536x1023.png 1536w, https:\/\/elmercuriomanta.ec\/wp-content\/uploads\/2025\/10\/image-85.png 1600w\" sizes=\"(max-width: 1024px) 100vw, 1024px\" \/><\/figure>\n\n\n\n<p>Puerto L\u00f3pez se prepara para recibir la octava edici\u00f3n del Festiartes, un evento cultural que reunir\u00e1 a cerca de 100 artistas provinciales y nacionales. Durante una semana, del 13 al 19 de octubre, los asistentes podr\u00e1n disfrutar de una variada oferta de actividades, que incluyen talleres, conciertos, teatro, feria cultural y mucho m\u00e1s. Este festival se ha convertido en un referente para la comunidad art\u00edstica, no solo de la regi\u00f3n, sino a nivel nacional, gracias a la participaci\u00f3n activa de j\u00f3venes y adultos que encuentran en este evento una oportunidad para acercarse al arte de manera inclusiva. El Festiartes naci\u00f3 en 2018 gracias a la colaboraci\u00f3n de artistas, gestores culturales y amigos que compart\u00edan el deseo de crear un espacio art\u00edstico en Puerto L\u00f3pez.<\/p>\n\n\n\n<p>Johanna Zambrano, coordinadora art\u00edstica del evento, destac\u00f3 que el festival ha crecido significativamente a lo largo de los a\u00f1os, reflejando la importancia de este tipo de iniciativas para la regi\u00f3n. Este a\u00f1o, el festival contar\u00e1 con la participaci\u00f3n de artistas de diversas partes del pa\u00eds, como el grupo \u00abCuentos de la Selva\u00bb de Pastaza, y de la internacional Carla Veloz, quien ofrecer\u00e1 talleres de yoga para estudiantes de la localidad. Adem\u00e1s, los artistas locales tambi\u00e9n compartir\u00e1n su talento con el p\u00fablico, con presentaciones teatrales y musicales. El sector hotelero de Puerto L\u00f3pez se ha unido al festival, brindando hospedaje a los artistas que llegar\u00e1n de otras provincias e incluso desde el extranjero. Las actividades se desarrollar\u00e1n en diversos espacios al aire libre, como el muelle tur\u00edstico, as\u00ed como en salones de eventos de varias hoster\u00edas de la localidad. Entre las propuestas m\u00e1s destacadas se encuentran los conciertos de m\u00fasica cl\u00e1sica y la obra teatral \u201cLa mujer que quiso volar\u201d, a cargo del laboratorio de teatro de la Casa de la Cultura de Manab\u00ed.<\/p>\n","protected":false},"excerpt":{"rendered":"<p>Puerto L\u00f3pez se prepara para recibir la octava edici\u00f3n del Festiartes, un evento cultural que reunir\u00e1 a cerca de 100 artistas provinciales y nacionales. Durante una semana, del 13 al 19 de octubre, los asistentes podr\u00e1n disfrutar de una variada oferta de actividades, que incluyen talleres, conciertos, teatro, feria cultural y mucho m\u00e1s. Este festival se ha convertido en un referente para la comunidad art\u00edstica, no solo de la regi\u00f3n, sino a nivel nacional, gracias a la participaci\u00f3n activa de j\u00f3venes y adultos que encuentran en este evento una oportunidad para acercarse al arte de manera inclusiva. El Festiartes naci\u00f3 en 2018 gracias a la colaboraci\u00f3n de artistas, gestores culturales y amigos que compart\u00edan el deseo de crear un espacio art\u00edstico en Puerto L\u00f3pez.<\/p>\n<p>Johanna Zambrano, coordinadora art\u00edstica del evento, destac\u00f3 que el festival ha crecido significativamente a lo largo de los a\u00f1os, reflejando la importancia de este tipo de iniciativas para la regi\u00f3n. Este a\u00f1o, el festival contar\u00e1 con la participaci\u00f3n de artistas de diversas partes del pa\u00eds, como el grupo \u00abCuentos de la Selva\u00bb de Pastaza, y de la internacional Carla Veloz, quien ofrecer\u00e1 talleres de yoga para estudiantes de la localidad. Adem\u00e1s, los artistas locales tambi\u00e9n compartir\u00e1n su talento con el p\u00fablico, con presentaciones teatrales y musicales. El sector hotelero de Puerto L\u00f3pez se ha unido al festival, brindando hospedaje a los artistas que llegar\u00e1n de otras provincias e incluso desde el extranjero. Las actividades se desarrollar\u00e1n en diversos espacios al aire libre, como el muelle tur\u00edstico, as\u00ed como en salones de eventos de varias hoster\u00edas de la localidad. Entre las propuestas m\u00e1s destacadas se encuentran los conciertos de m\u00fasica cl\u00e1sica y la obra teatral \u201cLa mujer que quiso volar\u201d, a cargo del laboratorio de teatro de la Casa de la Cultura de Manab\u00ed.<\/p>\n","protected":false},"author":12,"featured_media":53695,"comment_status":"open","ping_status":"open","sticky":false,"template":"","format":"standard","meta":{"footnotes":""},"categories":[1],"tags":[29],"class_list":["post-53694","post","type-post","status-publish","format-standard","has-post-thumbnail","hentry","category-uncategorized","tag-manabi"],"_links":{"self":[{"href":"https:\/\/elmercuriomanta.ec\/index.php\/wp-json\/wp\/v2\/posts\/53694","targetHints":{"allow":["GET"]}}],"collection":[{"href":"https:\/\/elmercuriomanta.ec\/index.php\/wp-json\/wp\/v2\/posts"}],"about":[{"href":"https:\/\/elmercuriomanta.ec\/index.php\/wp-json\/wp\/v2\/types\/post"}],"author":[{"embeddable":true,"href":"https:\/\/elmercuriomanta.ec\/index.php\/wp-json\/wp\/v2\/users\/12"}],"replies":[{"embeddable":true,"href":"https:\/\/elmercuriomanta.ec\/index.php\/wp-json\/wp\/v2\/comments?post=53694"}],"version-history":[{"count":1,"href":"https:\/\/elmercuriomanta.ec\/index.php\/wp-json\/wp\/v2\/posts\/53694\/revisions"}],"predecessor-version":[{"id":53696,"href":"https:\/\/elmercuriomanta.ec\/index.php\/wp-json\/wp\/v2\/posts\/53694\/revisions\/53696"}],"wp:featuredmedia":[{"embeddable":true,"href":"https:\/\/elmercuriomanta.ec\/index.php\/wp-json\/wp\/v2\/media\/53695"}],"wp:attachment":[{"href":"https:\/\/elmercuriomanta.ec\/index.php\/wp-json\/wp\/v2\/media?parent=53694"}],"wp:term":[{"taxonomy":"category","embeddable":true,"href":"https:\/\/elmercuriomanta.ec\/index.php\/wp-json\/wp\/v2\/categories?post=53694"},{"taxonomy":"post_tag","embeddable":true,"href":"https:\/\/elmercuriomanta.ec\/index.php\/wp-json\/wp\/v2\/tags?post=53694"}],"curies":[{"name":"wp","href":"https:\/\/api.w.org\/{rel}","templated":true}]}}