{"id":53553,"date":"2025-10-07T10:09:35","date_gmt":"2025-10-07T15:09:35","guid":{"rendered":"https:\/\/elmercuriomanta.ec\/?p=53553"},"modified":"2025-10-07T10:09:35","modified_gmt":"2025-10-07T15:09:35","slug":"bonos-jovenes-y-ecuatorianos-en-accion-se-mantendran-vigentes-hasta-2028","status":"publish","type":"post","link":"https:\/\/elmercuriomanta.ec\/index.php\/2025\/10\/07\/bonos-jovenes-y-ecuatorianos-en-accion-se-mantendran-vigentes-hasta-2028\/","title":{"rendered":"BONOS J\u00d3VENES Y ECUATORIANOS EN ACCI\u00d3N SE MANTENDR\u00c1N VIGENTES HASTA 2028"},"content":{"rendered":"\n<figure class=\"wp-block-image size-large\"><img fetchpriority=\"high\" decoding=\"async\" width=\"1024\" height=\"576\" src=\"https:\/\/elmercuriomanta.ec\/wp-content\/uploads\/2025\/10\/image-61-1024x576.png\" alt=\"\" class=\"wp-image-53561\" srcset=\"https:\/\/elmercuriomanta.ec\/wp-content\/uploads\/2025\/10\/image-61-1024x576.png 1024w, https:\/\/elmercuriomanta.ec\/wp-content\/uploads\/2025\/10\/image-61-300x169.png 300w, https:\/\/elmercuriomanta.ec\/wp-content\/uploads\/2025\/10\/image-61-768x432.png 768w, https:\/\/elmercuriomanta.ec\/wp-content\/uploads\/2025\/10\/image-61.png 1200w\" sizes=\"(max-width: 1024px) 100vw, 1024px\" \/><\/figure>\n\n\n\n<p>Quito, EM.- El ministro de Desarrollo Humano, Harold Burbano, confirm\u00f3 este lunes 6 de octubre del 2025 que los programas de apoyo econ\u00f3mico \u201cJ\u00f3venes en Acci\u00f3n\u201d y \u201cEcuatorianos en Acci\u00f3n\u201d continuar\u00e1n durante todo el actual per\u00edodo de gobierno del presidente Daniel Noboa, es decir, hasta el a\u00f1o 2028. En un inicio, estas iniciativas se plantearon como medidas temporales. Sin embargo, seg\u00fan explic\u00f3 Burbano, la eliminaci\u00f3n del subsidio al di\u00e9sel permiti\u00f3 garantizar el presupuesto necesario para sostener los pagos. La inversi\u00f3n prevista para ambos programas oscila entre USD 96 millones y USD 100 millones anuales, dijo Burbano al portal Primicias.<br><strong>APERTURA DE INSCRIPCIONES Y CUPOS DISPONIBLES<\/strong><br>El ministro anunci\u00f3 que, antes de que finalice 2025, se abrir\u00e1 un nuevo proceso de inscripci\u00f3n para el programa \u201cJ\u00f3venes en Acci\u00f3n\u201d, que entrar\u00e1 en funcionamiento en el primer trimestre de 2026. Este plan ofrecer\u00e1 80.000 cupos por a\u00f1o para personas de entre 18 y 29 a\u00f1os que se encuentren desempleadas.<\/p>\n","protected":false},"excerpt":{"rendered":"<p>Quito, EM.- El ministro de Desarrollo Humano, Harold Burbano, confirm\u00f3 este lunes 6 de octubre del 2025 que los programas de apoyo econ\u00f3mico \u201cJ\u00f3venes en Acci\u00f3n\u201d y \u201cEcuatorianos en Acci\u00f3n\u201d continuar\u00e1n durante todo el actual per\u00edodo de gobierno del presidente Daniel Noboa, es decir, hasta el a\u00f1o 2028. En un inicio, estas iniciativas se plantearon [&hellip;]<\/p>\n","protected":false},"author":14,"featured_media":53561,"comment_status":"open","ping_status":"open","sticky":false,"template":"","format":"standard","meta":{"footnotes":""},"categories":[105],"tags":[],"class_list":["post-53553","post","type-post","status-publish","format-standard","has-post-thumbnail","hentry","category-noticias"],"_links":{"self":[{"href":"https:\/\/elmercuriomanta.ec\/index.php\/wp-json\/wp\/v2\/posts\/53553","targetHints":{"allow":["GET"]}}],"collection":[{"href":"https:\/\/elmercuriomanta.ec\/index.php\/wp-json\/wp\/v2\/posts"}],"about":[{"href":"https:\/\/elmercuriomanta.ec\/index.php\/wp-json\/wp\/v2\/types\/post"}],"author":[{"embeddable":true,"href":"https:\/\/elmercuriomanta.ec\/index.php\/wp-json\/wp\/v2\/users\/14"}],"replies":[{"embeddable":true,"href":"https:\/\/elmercuriomanta.ec\/index.php\/wp-json\/wp\/v2\/comments?post=53553"}],"version-history":[{"count":1,"href":"https:\/\/elmercuriomanta.ec\/index.php\/wp-json\/wp\/v2\/posts\/53553\/revisions"}],"predecessor-version":[{"id":53562,"href":"https:\/\/elmercuriomanta.ec\/index.php\/wp-json\/wp\/v2\/posts\/53553\/revisions\/53562"}],"wp:featuredmedia":[{"embeddable":true,"href":"https:\/\/elmercuriomanta.ec\/index.php\/wp-json\/wp\/v2\/media\/53561"}],"wp:attachment":[{"href":"https:\/\/elmercuriomanta.ec\/index.php\/wp-json\/wp\/v2\/media?parent=53553"}],"wp:term":[{"taxonomy":"category","embeddable":true,"href":"https:\/\/elmercuriomanta.ec\/index.php\/wp-json\/wp\/v2\/categories?post=53553"},{"taxonomy":"post_tag","embeddable":true,"href":"https:\/\/elmercuriomanta.ec\/index.php\/wp-json\/wp\/v2\/tags?post=53553"}],"curies":[{"name":"wp","href":"https:\/\/api.w.org\/{rel}","templated":true}]}}