{"id":53399,"date":"2025-10-04T14:29:43","date_gmt":"2025-10-04T19:29:43","guid":{"rendered":"https:\/\/elmercuriomanta.ec\/?p=53399"},"modified":"2025-10-04T14:29:43","modified_gmt":"2025-10-04T19:29:43","slug":"corte-constitucional-avala-el-estado-de-excepcion-unicamente-en-carchi-e-imbabura","status":"publish","type":"post","link":"https:\/\/elmercuriomanta.ec\/index.php\/2025\/10\/04\/corte-constitucional-avala-el-estado-de-excepcion-unicamente-en-carchi-e-imbabura\/","title":{"rendered":"Corte Constitucional Avala el Estado de Excepci\u00f3n \u00danicamente en Carchi e Imbabura"},"content":{"rendered":"\n<figure class=\"wp-block-image aligncenter size-full is-resized\"><img fetchpriority=\"high\" decoding=\"async\" width=\"448\" height=\"252\" src=\"https:\/\/elmercuriomanta.ec\/wp-content\/uploads\/2025\/10\/image-31.png\" alt=\"\" class=\"wp-image-53400\" style=\"width:477px;height:auto\" srcset=\"https:\/\/elmercuriomanta.ec\/wp-content\/uploads\/2025\/10\/image-31.png 448w, https:\/\/elmercuriomanta.ec\/wp-content\/uploads\/2025\/10\/image-31-300x169.png 300w\" sizes=\"(max-width: 448px) 100vw, 448px\" \/><\/figure>\n\n\n\n<p>La Corte Constitucional se pronunci\u00f3 la noche de este viernes 3 de octubre sobre los decretos ejecutivos 134 y 146 emitidos por el presidente Daniel Noboa en los que declar\u00f3 el estado de excepci\u00f3n en siete provincias. El organismo decidi\u00f3 que la medida \u00fanicamente es viable en las provincias de Carchi e Imbabura, en donde se han suscitado hechos que configuran una situaci\u00f3n de grave conmoci\u00f3n interna.<\/p>\n\n\n\n<p>Adem\u00e1s, indic\u00f3 que el decreto 134, en el que se dict\u00f3 estado de excepci\u00f3n en las provincias de Pichincha, Cotopaxi, Bol\u00edvar, Azuay y Santo Domingo de los Ts\u00e1chilas es inconstitucional, ya que no existen hechos que fundamenten la medida. El presidente Noboa emiti\u00f3 ambos decretos en el marco del paro nacional convocado por los movimientos ind\u00edgenas en contra de la eliminaci\u00f3n del subsidio al di\u00e9sel.<\/p>\n\n\n\n<p>NO DA PASO AL TOQUE DE QUEDA En cuanto a las medidas dictadas en ambos decretos ejecutivos, la Corte indic\u00f3 que es constitucional la limitaci\u00f3n del derecho a la libertad de reuni\u00f3n y el empleo de las Fuerzas Armadas y la Polic\u00eda Nacional en las provincias de Carchi e Imbabura. Sin embargo, indic\u00f3 que su actuaci\u00f3n debe ser en estricto apego al respeto al leg\u00edtimo ejercicio del derecho a la protesta y resistencia pac\u00edfica.<\/p>\n\n\n\n<p><\/p>\n","protected":false},"excerpt":{"rendered":"<p>La Corte Constitucional se pronunci\u00f3 la noche de este viernes 3 de octubre sobre los decretos ejecutivos 134 y 146 emitidos por el presidente Daniel Noboa en los que declar\u00f3 el estado de excepci\u00f3n en siete provincias. El organismo decidi\u00f3 que la medida \u00fanicamente es viable en las provincias de Carchi e Imbabura, en donde se han suscitado hechos que configuran una situaci\u00f3n de grave conmoci\u00f3n interna.<\/p>\n<p>Adem\u00e1s, indic\u00f3 que el decreto 134, en el que se dict\u00f3 estado de excepci\u00f3n en las provincias de Pichincha, Cotopaxi, Bol\u00edvar, Azuay y Santo Domingo de los Ts\u00e1chilas es inconstitucional, ya que no existen hechos que fundamenten la medida. El presidente Noboa emiti\u00f3 ambos decretos en el marco del paro nacional convocado por los movimientos ind\u00edgenas en contra de la eliminaci\u00f3n del subsidio al di\u00e9sel.<\/p>\n<p>NO DA PASO AL TOQUE DE QUEDA En cuanto a las medidas dictadas en ambos decretos ejecutivos, la Corte indic\u00f3 que es constitucional la limitaci\u00f3n del derecho a la libertad de reuni\u00f3n y el empleo de las Fuerzas Armadas y la Polic\u00eda Nacional en las provincias de Carchi e Imbabura. Sin embargo, indic\u00f3 que su actuaci\u00f3n debe ser en estricto apego al respeto al leg\u00edtimo ejercicio del derecho a la protesta y resistencia pac\u00edfica.<\/p>\n","protected":false},"author":12,"featured_media":53400,"comment_status":"open","ping_status":"open","sticky":false,"template":"","format":"standard","meta":{"footnotes":""},"categories":[1],"tags":[23],"class_list":["post-53399","post","type-post","status-publish","format-standard","has-post-thumbnail","hentry","category-uncategorized","tag-ecuador"],"_links":{"self":[{"href":"https:\/\/elmercuriomanta.ec\/index.php\/wp-json\/wp\/v2\/posts\/53399","targetHints":{"allow":["GET"]}}],"collection":[{"href":"https:\/\/elmercuriomanta.ec\/index.php\/wp-json\/wp\/v2\/posts"}],"about":[{"href":"https:\/\/elmercuriomanta.ec\/index.php\/wp-json\/wp\/v2\/types\/post"}],"author":[{"embeddable":true,"href":"https:\/\/elmercuriomanta.ec\/index.php\/wp-json\/wp\/v2\/users\/12"}],"replies":[{"embeddable":true,"href":"https:\/\/elmercuriomanta.ec\/index.php\/wp-json\/wp\/v2\/comments?post=53399"}],"version-history":[{"count":1,"href":"https:\/\/elmercuriomanta.ec\/index.php\/wp-json\/wp\/v2\/posts\/53399\/revisions"}],"predecessor-version":[{"id":53401,"href":"https:\/\/elmercuriomanta.ec\/index.php\/wp-json\/wp\/v2\/posts\/53399\/revisions\/53401"}],"wp:featuredmedia":[{"embeddable":true,"href":"https:\/\/elmercuriomanta.ec\/index.php\/wp-json\/wp\/v2\/media\/53400"}],"wp:attachment":[{"href":"https:\/\/elmercuriomanta.ec\/index.php\/wp-json\/wp\/v2\/media?parent=53399"}],"wp:term":[{"taxonomy":"category","embeddable":true,"href":"https:\/\/elmercuriomanta.ec\/index.php\/wp-json\/wp\/v2\/categories?post=53399"},{"taxonomy":"post_tag","embeddable":true,"href":"https:\/\/elmercuriomanta.ec\/index.php\/wp-json\/wp\/v2\/tags?post=53399"}],"curies":[{"name":"wp","href":"https:\/\/api.w.org\/{rel}","templated":true}]}}