{"id":53245,"date":"2025-10-01T11:00:22","date_gmt":"2025-10-01T16:00:22","guid":{"rendered":"https:\/\/elmercuriomanta.ec\/?p=53245"},"modified":"2025-10-01T11:00:22","modified_gmt":"2025-10-01T16:00:22","slug":"ecuador-asume-la-presidencia-pro-tempore-de-la-comunidad-andina","status":"publish","type":"post","link":"https:\/\/elmercuriomanta.ec\/index.php\/2025\/10\/01\/ecuador-asume-la-presidencia-pro-tempore-de-la-comunidad-andina\/","title":{"rendered":"ECUADOR ASUME LA PRESIDENCIA PRO TEMPORE DE LA COMUNIDAD ANDINA"},"content":{"rendered":"\n<figure class=\"wp-block-image size-large\"><img fetchpriority=\"high\" decoding=\"async\" width=\"1024\" height=\"691\" src=\"https:\/\/elmercuriomanta.ec\/wp-content\/uploads\/2025\/10\/image-3-1024x691.png\" alt=\"\" class=\"wp-image-53248\" srcset=\"https:\/\/elmercuriomanta.ec\/wp-content\/uploads\/2025\/10\/image-3-1024x691.png 1024w, https:\/\/elmercuriomanta.ec\/wp-content\/uploads\/2025\/10\/image-3-300x203.png 300w, https:\/\/elmercuriomanta.ec\/wp-content\/uploads\/2025\/10\/image-3-768x518.png 768w, https:\/\/elmercuriomanta.ec\/wp-content\/uploads\/2025\/10\/image-3.png 1200w\" sizes=\"(max-width: 1024px) 100vw, 1024px\" \/><\/figure>\n\n\n\n<p>Quito, EM.-Ecuador asumi\u00f3 la presidencia pro tempore de la Comunidad Andina (CAN). La canciller Gabriela Sommerfeld lider\u00f3 la delegaci\u00f3n ecuatoriana y recibi\u00f3 el alto cargo de su hom\u00f3loga de Colombia, Rosa Villavicencio. Durante su intervenci\u00f3n, Sommerfeld present\u00f3 un plan de trabajo con ejes estrat\u00e9gicos en seguridad, integraci\u00f3n a\u00e9rea y energ\u00e9tica, IA, seguridad alimentaria, gesti\u00f3n de riesgos, desarrollo social y fortalecimiento de la Comunidad Andina. Mediante un comunicado, la Canciller\u00eda inform\u00f3 que \u00abEcuador promueve una integraci\u00f3n justa que contribuya a alcanzar un desarrollo sostenible, econ\u00f3mico-social, equilibrado y arm\u00f3nico de los pa\u00edses miembros, que les permita acelerar el crecimiento y la generaci\u00f3n de empleo\u00bb. En un acto realizado en la sede del Ministerio de Relaciones Exteriores en Bogot\u00e1, Villavicencio agradeci\u00f3 la confianza depositada en su pa\u00eds y asegur\u00f3 que el periodo de Colombia se centr\u00f3 en \u00abconstruir una agenda regional centrada en la ciudadan\u00eda, en la protecci\u00f3n de la biodiversidad y en la promoci\u00f3n de la igualdad\u00bb.<\/p>\n","protected":false},"excerpt":{"rendered":"<p>Quito, EM.-Ecuador asumi\u00f3 la presidencia pro tempore de la Comunidad Andina (CAN). La canciller Gabriela Sommerfeld lider\u00f3 la delegaci\u00f3n ecuatoriana y recibi\u00f3 el alto cargo de su hom\u00f3loga de Colombia, Rosa Villavicencio. Durante su intervenci\u00f3n, Sommerfeld present\u00f3 un plan de trabajo con ejes estrat\u00e9gicos en seguridad, integraci\u00f3n a\u00e9rea y energ\u00e9tica, IA, seguridad alimentaria, gesti\u00f3n de [&hellip;]<\/p>\n","protected":false},"author":14,"featured_media":53248,"comment_status":"open","ping_status":"open","sticky":false,"template":"","format":"standard","meta":{"footnotes":""},"categories":[105,1],"tags":[],"class_list":["post-53245","post","type-post","status-publish","format-standard","has-post-thumbnail","hentry","category-noticias","category-uncategorized"],"_links":{"self":[{"href":"https:\/\/elmercuriomanta.ec\/index.php\/wp-json\/wp\/v2\/posts\/53245","targetHints":{"allow":["GET"]}}],"collection":[{"href":"https:\/\/elmercuriomanta.ec\/index.php\/wp-json\/wp\/v2\/posts"}],"about":[{"href":"https:\/\/elmercuriomanta.ec\/index.php\/wp-json\/wp\/v2\/types\/post"}],"author":[{"embeddable":true,"href":"https:\/\/elmercuriomanta.ec\/index.php\/wp-json\/wp\/v2\/users\/14"}],"replies":[{"embeddable":true,"href":"https:\/\/elmercuriomanta.ec\/index.php\/wp-json\/wp\/v2\/comments?post=53245"}],"version-history":[{"count":1,"href":"https:\/\/elmercuriomanta.ec\/index.php\/wp-json\/wp\/v2\/posts\/53245\/revisions"}],"predecessor-version":[{"id":53251,"href":"https:\/\/elmercuriomanta.ec\/index.php\/wp-json\/wp\/v2\/posts\/53245\/revisions\/53251"}],"wp:featuredmedia":[{"embeddable":true,"href":"https:\/\/elmercuriomanta.ec\/index.php\/wp-json\/wp\/v2\/media\/53248"}],"wp:attachment":[{"href":"https:\/\/elmercuriomanta.ec\/index.php\/wp-json\/wp\/v2\/media?parent=53245"}],"wp:term":[{"taxonomy":"category","embeddable":true,"href":"https:\/\/elmercuriomanta.ec\/index.php\/wp-json\/wp\/v2\/categories?post=53245"},{"taxonomy":"post_tag","embeddable":true,"href":"https:\/\/elmercuriomanta.ec\/index.php\/wp-json\/wp\/v2\/tags?post=53245"}],"curies":[{"name":"wp","href":"https:\/\/api.w.org\/{rel}","templated":true}]}}