{"id":53151,"date":"2025-09-30T11:06:57","date_gmt":"2025-09-30T16:06:57","guid":{"rendered":"https:\/\/elmercuriomanta.ec\/?p=53151"},"modified":"2025-09-30T11:06:57","modified_gmt":"2025-09-30T16:06:57","slug":"las-ventas-de-septiembre-en-ecuador-aumentaron-un-106-en-comparacion-con-2024","status":"publish","type":"post","link":"https:\/\/elmercuriomanta.ec\/index.php\/2025\/09\/30\/las-ventas-de-septiembre-en-ecuador-aumentaron-un-106-en-comparacion-con-2024\/","title":{"rendered":"LAS VENTAS DE SEPTIEMBRE EN ECUADOR AUMENTARON UN 10,6% EN COMPARACI\u00d3N CON 2024"},"content":{"rendered":"\n<figure class=\"wp-block-image size-large\"><img fetchpriority=\"high\" decoding=\"async\" width=\"1024\" height=\"575\" src=\"https:\/\/elmercuriomanta.ec\/wp-content\/uploads\/2025\/09\/image-311-1024x575.png\" alt=\"\" class=\"wp-image-53152\" srcset=\"https:\/\/elmercuriomanta.ec\/wp-content\/uploads\/2025\/09\/image-311-1024x575.png 1024w, https:\/\/elmercuriomanta.ec\/wp-content\/uploads\/2025\/09\/image-311-300x169.png 300w, https:\/\/elmercuriomanta.ec\/wp-content\/uploads\/2025\/09\/image-311-768x431.png 768w, https:\/\/elmercuriomanta.ec\/wp-content\/uploads\/2025\/09\/image-311.png 1280w\" sizes=\"(max-width: 1024px) 100vw, 1024px\" \/><\/figure>\n\n\n\n<p>Las ventas totales registradas entre el 1 y el 27 de septiembre del 2025 en Ecuador alcanzaron un total de 20 150 millones de d\u00f3lares, seg\u00fan los \u00faltimos datos del Servicio de Rentas Internas (SRI). La cifra representa un crecimiento del 10,6% en comparaci\u00f3n con el mismo periodo de 2024, inform\u00f3 este lunes 29 de septiembre la portavoz de la Presidencia, Carolina Jaramillo. Seg\u00fan la funcionaria, las ventas se mantienen con normalidad, pese al paro nacional convocado por la Confederaci\u00f3n de Nacionalidades Ind\u00edgenas del Ecuador (Conaie) para protestar por la eliminaci\u00f3n del subsidio al di\u00e9sel. Jaramillo indic\u00f3 que la provincia en la que m\u00e1s crecieron las ventas es Pichincha, en donde hubo un incremento de 8,6%, con ventas por 7 585 millones de d\u00f3lares. Le sigue Guayas, con 7,2%, alcanzando 6 770 millones de d\u00f3lares. En conjunto, estas dos provincias concentran m\u00e1s del 71,24% de las ventas nacionales, manteni\u00e9ndose como los principales polos econ\u00f3micos del pa\u00eds, indic\u00f3 la funcionaria.<br><\/p>\n","protected":false},"excerpt":{"rendered":"<p>Las ventas totales registradas entre el 1 y el 27 de septiembre del 2025 en Ecuador alcanzaron un total de 20 150 millones de d\u00f3lares, seg\u00fan los \u00faltimos datos del Servicio de Rentas Internas (SRI). La cifra representa un crecimiento del 10,6% en comparaci\u00f3n con el mismo periodo de 2024, inform\u00f3 este lunes 29 de [&hellip;]<\/p>\n","protected":false},"author":14,"featured_media":53152,"comment_status":"open","ping_status":"open","sticky":false,"template":"","format":"standard","meta":{"footnotes":""},"categories":[105,1],"tags":[],"class_list":["post-53151","post","type-post","status-publish","format-standard","has-post-thumbnail","hentry","category-noticias","category-uncategorized"],"_links":{"self":[{"href":"https:\/\/elmercuriomanta.ec\/index.php\/wp-json\/wp\/v2\/posts\/53151","targetHints":{"allow":["GET"]}}],"collection":[{"href":"https:\/\/elmercuriomanta.ec\/index.php\/wp-json\/wp\/v2\/posts"}],"about":[{"href":"https:\/\/elmercuriomanta.ec\/index.php\/wp-json\/wp\/v2\/types\/post"}],"author":[{"embeddable":true,"href":"https:\/\/elmercuriomanta.ec\/index.php\/wp-json\/wp\/v2\/users\/14"}],"replies":[{"embeddable":true,"href":"https:\/\/elmercuriomanta.ec\/index.php\/wp-json\/wp\/v2\/comments?post=53151"}],"version-history":[{"count":1,"href":"https:\/\/elmercuriomanta.ec\/index.php\/wp-json\/wp\/v2\/posts\/53151\/revisions"}],"predecessor-version":[{"id":53159,"href":"https:\/\/elmercuriomanta.ec\/index.php\/wp-json\/wp\/v2\/posts\/53151\/revisions\/53159"}],"wp:featuredmedia":[{"embeddable":true,"href":"https:\/\/elmercuriomanta.ec\/index.php\/wp-json\/wp\/v2\/media\/53152"}],"wp:attachment":[{"href":"https:\/\/elmercuriomanta.ec\/index.php\/wp-json\/wp\/v2\/media?parent=53151"}],"wp:term":[{"taxonomy":"category","embeddable":true,"href":"https:\/\/elmercuriomanta.ec\/index.php\/wp-json\/wp\/v2\/categories?post=53151"},{"taxonomy":"post_tag","embeddable":true,"href":"https:\/\/elmercuriomanta.ec\/index.php\/wp-json\/wp\/v2\/tags?post=53151"}],"curies":[{"name":"wp","href":"https:\/\/api.w.org\/{rel}","templated":true}]}}