{"id":53079,"date":"2025-09-29T11:40:19","date_gmt":"2025-09-29T16:40:19","guid":{"rendered":"https:\/\/elmercuriomanta.ec\/?p=53079"},"modified":"2025-09-29T11:40:19","modified_gmt":"2025-09-29T16:40:19","slug":"alerta-roja-por-borraca-en-el-este-de-espana","status":"publish","type":"post","link":"https:\/\/elmercuriomanta.ec\/index.php\/2025\/09\/29\/alerta-roja-por-borraca-en-el-este-de-espana\/","title":{"rendered":"Alerta roja por borraca en el este de Espa\u00f1a"},"content":{"rendered":"\n<figure class=\"wp-block-image size-full\"><img fetchpriority=\"high\" decoding=\"async\" width=\"900\" height=\"506\" src=\"https:\/\/elmercuriomanta.ec\/wp-content\/uploads\/2025\/09\/alerta-roja-por-borrasca-en-el-este-de-espana-con-avisos-de-proteccion-civil-48903.jpeg\" alt=\"\" class=\"wp-image-53080\" srcset=\"https:\/\/elmercuriomanta.ec\/wp-content\/uploads\/2025\/09\/alerta-roja-por-borrasca-en-el-este-de-espana-con-avisos-de-proteccion-civil-48903.jpeg 900w, https:\/\/elmercuriomanta.ec\/wp-content\/uploads\/2025\/09\/alerta-roja-por-borrasca-en-el-este-de-espana-con-avisos-de-proteccion-civil-48903-300x169.jpeg 300w, https:\/\/elmercuriomanta.ec\/wp-content\/uploads\/2025\/09\/alerta-roja-por-borrasca-en-el-este-de-espana-con-avisos-de-proteccion-civil-48903-768x432.jpeg 768w\" sizes=\"(max-width: 900px) 100vw, 900px\" \/><\/figure>\n\n\n\n<p><em>Agencias, EM.-<\/em><br>Una borrasca extratropical podr\u00eda afectar el este de Espa\u00f1a, especialmente a Catalu\u00f1a y Comunidad Valenciana, con nivel de alerta rojo (riesgo extremo) por lluvias torrenciales, una previsi\u00f3n que ha motivado la suspensi\u00f3n de clases en Valencia y que Protecci\u00f3n Civil env\u00ede un mensaje Es-Alert a vecinos del litoral mediterr\u00e1neo.<\/p>\n\n\n\n<p>En el delta del Ebro, comarca de Catalu\u00f1a, la lluvia comenz\u00f3 a hacer sus estragos a primera hora de la tarde, especialmente, lo que dificult\u00f3 la circulaci\u00f3n, con veh\u00edculos parados en algunos puntos de la autopista del Mediterr\u00e1neo (AP-7) y en otras v\u00edas de la zona.<\/p>\n\n\n\n<p>Preocupantes tambi\u00e9n son las acumulaciones de agua previstas en la Comunidad Valenciana, que podr\u00edan superar los 250 o 300 litros por metro cuadrado entre el lunes 29 y la primera mitad del martes 30 de septiembre, aunque el \u00abpeligro extraordinario\u00bb se extiende tambi\u00e9n a Tarragona, seg\u00fan avanz\u00f3 la Agencia Estatal de Meteorolog\u00eda (Aemet) en su \u00faltima actualizaci\u00f3n del aviso especial de fen\u00f3menos adversos.<\/p>\n","protected":false},"excerpt":{"rendered":"<p>Agencias, EM.-Una borrasca extratropical podr\u00eda afectar el este de Espa\u00f1a, especialmente a Catalu\u00f1a y Comunidad Valenciana, con nivel de alerta rojo (riesgo extremo) por lluvias torrenciales, una previsi\u00f3n que ha motivado la suspensi\u00f3n de clases en Valencia y que Protecci\u00f3n Civil env\u00ede un mensaje Es-Alert a vecinos del litoral mediterr\u00e1neo. En el delta del Ebro, [&hellip;]<\/p>\n","protected":false},"author":14,"featured_media":53080,"comment_status":"open","ping_status":"open","sticky":false,"template":"","format":"standard","meta":{"footnotes":""},"categories":[8,20],"tags":[42],"class_list":["post-53079","post","type-post","status-publish","format-standard","has-post-thumbnail","hentry","category-internacional","category-portada-2","tag-internacional"],"_links":{"self":[{"href":"https:\/\/elmercuriomanta.ec\/index.php\/wp-json\/wp\/v2\/posts\/53079","targetHints":{"allow":["GET"]}}],"collection":[{"href":"https:\/\/elmercuriomanta.ec\/index.php\/wp-json\/wp\/v2\/posts"}],"about":[{"href":"https:\/\/elmercuriomanta.ec\/index.php\/wp-json\/wp\/v2\/types\/post"}],"author":[{"embeddable":true,"href":"https:\/\/elmercuriomanta.ec\/index.php\/wp-json\/wp\/v2\/users\/14"}],"replies":[{"embeddable":true,"href":"https:\/\/elmercuriomanta.ec\/index.php\/wp-json\/wp\/v2\/comments?post=53079"}],"version-history":[{"count":1,"href":"https:\/\/elmercuriomanta.ec\/index.php\/wp-json\/wp\/v2\/posts\/53079\/revisions"}],"predecessor-version":[{"id":53081,"href":"https:\/\/elmercuriomanta.ec\/index.php\/wp-json\/wp\/v2\/posts\/53079\/revisions\/53081"}],"wp:featuredmedia":[{"embeddable":true,"href":"https:\/\/elmercuriomanta.ec\/index.php\/wp-json\/wp\/v2\/media\/53080"}],"wp:attachment":[{"href":"https:\/\/elmercuriomanta.ec\/index.php\/wp-json\/wp\/v2\/media?parent=53079"}],"wp:term":[{"taxonomy":"category","embeddable":true,"href":"https:\/\/elmercuriomanta.ec\/index.php\/wp-json\/wp\/v2\/categories?post=53079"},{"taxonomy":"post_tag","embeddable":true,"href":"https:\/\/elmercuriomanta.ec\/index.php\/wp-json\/wp\/v2\/tags?post=53079"}],"curies":[{"name":"wp","href":"https:\/\/api.w.org\/{rel}","templated":true}]}}