{"id":53070,"date":"2025-09-29T11:20:17","date_gmt":"2025-09-29T16:20:17","guid":{"rendered":"https:\/\/elmercuriomanta.ec\/?p=53070"},"modified":"2025-09-29T11:20:17","modified_gmt":"2025-09-29T16:20:17","slug":"aprendi-de-su-felicidad-y-carisma-dayanara-peralta-conmovida-tras-conocer-a-maleny-en-solca","status":"publish","type":"post","link":"https:\/\/elmercuriomanta.ec\/index.php\/2025\/09\/29\/aprendi-de-su-felicidad-y-carisma-dayanara-peralta-conmovida-tras-conocer-a-maleny-en-solca\/","title":{"rendered":"\u201cAprend\u00ed de su Felicidad y Carisma\u201d:\u00a0 Dayanara Peralta Conmovida Tras Conocer a Maleny en Solca"},"content":{"rendered":"\n<figure class=\"wp-block-image aligncenter size-full is-resized\"><img fetchpriority=\"high\" decoding=\"async\" width=\"194\" height=\"259\" src=\"https:\/\/elmercuriomanta.ec\/wp-content\/uploads\/2025\/09\/image-302.png\" alt=\"\" class=\"wp-image-53071\" style=\"width:335px;height:auto\"\/><\/figure>\n\n\n\n<p>La cantante ecuatoriana Dayanara Peralta vivi\u00f3 una jornada muy especial durante su visita a la Sociedad de Protecci\u00f3n y Lucha Contra el C\u00e1ncer (SPLCA) en Manab\u00ed, donde comparti\u00f3 momentos de alegr\u00eda y m\u00fasica con los ni\u00f1os y ni\u00f1as que reciben atenci\u00f3n en el lugar.<\/p>\n\n\n\n<p>A trav\u00e9s de sus redes sociales, Dayanara expres\u00f3 el profundo impacto que le dej\u00f3 conocer a Maleny, una de sus peque\u00f1as seguidoras: \u201cHoy tuve el privilegio de conocerte y de aprender infinitamente de ti, de tu felicidad, de tu carisma, energ\u00eda y coraz\u00f3n. De ahora en adelante, cada que me atreva a decir que me siento \u2018triste\u2019 pensar\u00e9 en ti, en tu sonrisa y en tu voz cantando mis canciones. Gracias Dios por permitirme cantar y con esto que t\u00fa me regalaste, poder regalar un ratito de felicidad para algunos corazone\u201d.<\/p>\n\n\n\n<p>La artista tambi\u00e9n agradeci\u00f3 a Dios por permitirle llevar esperanza a trav\u00e9s de la m\u00fasica y destac\u00f3 que la jornada estuvo acompa\u00f1ada de un \u201catardecer m\u00e1gico\u201d y de nuevos amigos que le ense\u00f1aron mucho. Dayanara finaliz\u00f3 su mensaje con un emotivo deseo: \u201cQue Dios bendiga a todas las princesas y pr\u00edncipes que hoy luchan cada d\u00eda, se vienen grabados en m\u00ed.\u201d El encuentro se convirti\u00f3 en un recordatorio del poder sanador de la m\u00fasica y la importancia de acompa\u00f1ar a quienes enfrentan batallas dif\u00edciles con amor y esperanza.<\/p>\n\n\n\n<p><\/p>\n","protected":false},"excerpt":{"rendered":"<p>La cantante ecuatoriana Dayanara Peralta vivi\u00f3 una jornada muy especial durante su visita a la Sociedad de Protecci\u00f3n y Lucha Contra el C\u00e1ncer (SPLCA) en Manab\u00ed, donde comparti\u00f3 momentos de alegr\u00eda y m\u00fasica con los ni\u00f1os y ni\u00f1as que reciben atenci\u00f3n en el lugar.<\/p>\n<p>A trav\u00e9s de sus redes sociales, Dayanara expres\u00f3 el profundo impacto que le dej\u00f3 conocer a Maleny, una de sus peque\u00f1as seguidoras: \u201cHoy tuve el privilegio de conocerte y de aprender infinitamente de ti, de tu felicidad, de tu carisma, energ\u00eda y coraz\u00f3n. De ahora en adelante, cada que me atreva a decir que me siento \u2018triste\u2019 pensar\u00e9 en ti, en tu sonrisa y en tu voz cantando mis canciones. Gracias Dios por permitirme cantar y con esto que t\u00fa me regalaste, poder regalar un ratito de felicidad para algunos corazone\u201d.<\/p>\n<p>La artista tambi\u00e9n agradeci\u00f3 a Dios por permitirle llevar esperanza a trav\u00e9s de la m\u00fasica y destac\u00f3 que la jornada estuvo acompa\u00f1ada de un \u201catardecer m\u00e1gico\u201d y de nuevos amigos que le ense\u00f1aron mucho. Dayanara finaliz\u00f3 su mensaje con un emotivo deseo: \u201cQue Dios bendiga a todas las princesas y pr\u00edncipes que hoy luchan cada d\u00eda, se vienen grabados en m\u00ed.\u201d El encuentro se convirti\u00f3 en un recordatorio del poder sanador de la m\u00fasica y la importancia de acompa\u00f1ar a quienes enfrentan batallas dif\u00edciles con amor y esperanza.<\/p>\n","protected":false},"author":12,"featured_media":53071,"comment_status":"open","ping_status":"open","sticky":false,"template":"","format":"standard","meta":{"footnotes":""},"categories":[1],"tags":[29],"class_list":["post-53070","post","type-post","status-publish","format-standard","has-post-thumbnail","hentry","category-uncategorized","tag-manabi"],"_links":{"self":[{"href":"https:\/\/elmercuriomanta.ec\/index.php\/wp-json\/wp\/v2\/posts\/53070","targetHints":{"allow":["GET"]}}],"collection":[{"href":"https:\/\/elmercuriomanta.ec\/index.php\/wp-json\/wp\/v2\/posts"}],"about":[{"href":"https:\/\/elmercuriomanta.ec\/index.php\/wp-json\/wp\/v2\/types\/post"}],"author":[{"embeddable":true,"href":"https:\/\/elmercuriomanta.ec\/index.php\/wp-json\/wp\/v2\/users\/12"}],"replies":[{"embeddable":true,"href":"https:\/\/elmercuriomanta.ec\/index.php\/wp-json\/wp\/v2\/comments?post=53070"}],"version-history":[{"count":1,"href":"https:\/\/elmercuriomanta.ec\/index.php\/wp-json\/wp\/v2\/posts\/53070\/revisions"}],"predecessor-version":[{"id":53072,"href":"https:\/\/elmercuriomanta.ec\/index.php\/wp-json\/wp\/v2\/posts\/53070\/revisions\/53072"}],"wp:featuredmedia":[{"embeddable":true,"href":"https:\/\/elmercuriomanta.ec\/index.php\/wp-json\/wp\/v2\/media\/53071"}],"wp:attachment":[{"href":"https:\/\/elmercuriomanta.ec\/index.php\/wp-json\/wp\/v2\/media?parent=53070"}],"wp:term":[{"taxonomy":"category","embeddable":true,"href":"https:\/\/elmercuriomanta.ec\/index.php\/wp-json\/wp\/v2\/categories?post=53070"},{"taxonomy":"post_tag","embeddable":true,"href":"https:\/\/elmercuriomanta.ec\/index.php\/wp-json\/wp\/v2\/tags?post=53070"}],"curies":[{"name":"wp","href":"https:\/\/api.w.org\/{rel}","templated":true}]}}