{"id":5306,"date":"2023-09-08T12:11:07","date_gmt":"2023-09-08T17:11:07","guid":{"rendered":"https:\/\/elmercuriomanta.ec\/?p=5306"},"modified":"2023-09-08T12:11:07","modified_gmt":"2023-09-08T17:11:07","slug":"un-incendio-se-registro-en-bodega-de-un-destacamento-militar-de-riobamba","status":"publish","type":"post","link":"https:\/\/elmercuriomanta.ec\/index.php\/2023\/09\/08\/un-incendio-se-registro-en-bodega-de-un-destacamento-militar-de-riobamba\/","title":{"rendered":"Un incendio se registr\u00f3 en bodega de un destacamento militar de Riobamba"},"content":{"rendered":"\n<figure class=\"wp-block-image aligncenter size-full\"><img fetchpriority=\"high\" decoding=\"async\" width=\"287\" height=\"193\" src=\"https:\/\/elmercuriomanta.ec\/wp-content\/uploads\/2023\/09\/image-85.png\" alt=\"\" class=\"wp-image-5307\" \/><\/figure>\n\n\n\n<p>La bodega de la Brigada Blindada Gal\u00e1pagos, un destacamento militar ubicada en Riobamba, se prendi\u00f3 en llamas la tarde de este jueves 7 de septiembre. Pasado el mediod\u00eda, ciudadanos reportaron observar una gran columna de humo desde varios sectores del cant\u00f3n.<\/p>\n\n\n\n<p>A trav\u00e9s de v\u00eddeos se observaba que la fachada y el techado de las instalaciones estaban afectadas por el fuego. Pasadas unas horas, el Cuerpo de Bomberos de Riobamba se\u00f1al\u00f3 que \u00abno exist\u00eda riesgo de que el fuego alcance material explosivo\u00bb, ya que el flagelo se desarroll\u00f3 en una bodega de insumos donde se almacenaban colchones, sleeping, botas, carpas, s\u00e1banas, mochilas.<\/p>\n\n\n\n<p>Alrededor de las 15:00 el percance fue controlado por los uniformados. Se necesitaron de ocho unidades de carros cisternas para extinguir el fuego. No se reportaron heridos ni muertos, pero s\u00ed p\u00e9rdidas materiales, al quemarse varios objetos y destruirse parte de la infraestructura. Oficiales militares indicaron que el incendio comenz\u00f3 mientras una empresa estaba cambiando las cubiertas del edificio.<\/p>\n\n\n\n<p>A\u00fan no se conoce la causa exacta de este incidente, pero se sospecha que ocurri\u00f3 por un cortocircuito.<\/p>\n\n\n\n<div class=\"wp-block-essential-blocks-social\"><div class=\"eb-parent-wrapper eb-parent-eb-social-links-auh9geh \"><div class=\"eb-social-links-auh9geh eb-social-links-wrapper\"><ul class=\"eb-socials\"><li><a class=\"facebook-f-original  \" href=\"\/\/www.facebook.com\/YoSoyElMercurio\/?locale=es_LA\" target=\"_blank\" rel=\"noopener\"><i class=\"hvr-icon eb-social-icon fab fa-facebook-f\"><\/i><\/a><\/li><li><a class=\"twitter-original  \" href=\"\/\/twitter.com\/elmercuriomanta\" target=\"_blank\" rel=\"noopener\"><i class=\"hvr-icon eb-social-icon fab fa-twitter\"><\/i><\/a><\/li><li><a class=\"instagram-original  \" href=\"\/\/www.instagram.com\/elmercuriomanta\/?hl=es\" target=\"_blank\" rel=\"noopener\"><i class=\"hvr-icon eb-social-icon fab fa-instagram\"><\/i><\/a><\/li><\/ul><\/div><\/div><\/div>\n","protected":false},"excerpt":{"rendered":"<p>La bodega de la Brigada Blindada Gal\u00e1pagos, un destacamento militar ubicada en Riobamba, se prendi\u00f3 en llamas la tarde de este jueves 7 de septiembre. Pasado el mediod\u00eda, ciudadanos reportaron observar una gran columna de humo desde varios sectores del cant\u00f3n.<\/p>\n","protected":false},"author":12,"featured_media":5307,"comment_status":"open","ping_status":"open","sticky":false,"template":"","format":"standard","meta":{"footnotes":""},"categories":[16],"tags":[],"class_list":["post-5306","post","type-post","status-publish","format-standard","has-post-thumbnail","hentry","category-cronica"],"_links":{"self":[{"href":"https:\/\/elmercuriomanta.ec\/index.php\/wp-json\/wp\/v2\/posts\/5306","targetHints":{"allow":["GET"]}}],"collection":[{"href":"https:\/\/elmercuriomanta.ec\/index.php\/wp-json\/wp\/v2\/posts"}],"about":[{"href":"https:\/\/elmercuriomanta.ec\/index.php\/wp-json\/wp\/v2\/types\/post"}],"author":[{"embeddable":true,"href":"https:\/\/elmercuriomanta.ec\/index.php\/wp-json\/wp\/v2\/users\/12"}],"replies":[{"embeddable":true,"href":"https:\/\/elmercuriomanta.ec\/index.php\/wp-json\/wp\/v2\/comments?post=5306"}],"version-history":[{"count":1,"href":"https:\/\/elmercuriomanta.ec\/index.php\/wp-json\/wp\/v2\/posts\/5306\/revisions"}],"predecessor-version":[{"id":5308,"href":"https:\/\/elmercuriomanta.ec\/index.php\/wp-json\/wp\/v2\/posts\/5306\/revisions\/5308"}],"wp:featuredmedia":[{"embeddable":true,"href":"https:\/\/elmercuriomanta.ec\/index.php\/wp-json\/wp\/v2\/media\/5307"}],"wp:attachment":[{"href":"https:\/\/elmercuriomanta.ec\/index.php\/wp-json\/wp\/v2\/media?parent=5306"}],"wp:term":[{"taxonomy":"category","embeddable":true,"href":"https:\/\/elmercuriomanta.ec\/index.php\/wp-json\/wp\/v2\/categories?post=5306"},{"taxonomy":"post_tag","embeddable":true,"href":"https:\/\/elmercuriomanta.ec\/index.php\/wp-json\/wp\/v2\/tags?post=5306"}],"curies":[{"name":"wp","href":"https:\/\/api.w.org\/{rel}","templated":true}]}}