{"id":53020,"date":"2025-09-28T10:57:24","date_gmt":"2025-09-28T15:57:24","guid":{"rendered":"https:\/\/elmercuriomanta.ec\/?p=53020"},"modified":"2025-09-28T10:57:24","modified_gmt":"2025-09-28T15:57:24","slug":"daniel-noboa-dice-que-las-bases-militares-extranjeras-llegaran-a-ecuador-en-2026","status":"publish","type":"post","link":"https:\/\/elmercuriomanta.ec\/index.php\/2025\/09\/28\/daniel-noboa-dice-que-las-bases-militares-extranjeras-llegaran-a-ecuador-en-2026\/","title":{"rendered":"Daniel Noboa Dice que las Bases Militares Extranjeras Llegar\u00e1n a Ecuador en 2026"},"content":{"rendered":"\n<figure class=\"wp-block-image aligncenter size-large is-resized\"><img fetchpriority=\"high\" decoding=\"async\" width=\"1024\" height=\"512\" src=\"https:\/\/elmercuriomanta.ec\/wp-content\/uploads\/2025\/09\/image-292-1024x512.png\" alt=\"\" class=\"wp-image-53021\" style=\"width:513px;height:auto\" srcset=\"https:\/\/elmercuriomanta.ec\/wp-content\/uploads\/2025\/09\/image-292-1024x512.png 1024w, https:\/\/elmercuriomanta.ec\/wp-content\/uploads\/2025\/09\/image-292-300x150.png 300w, https:\/\/elmercuriomanta.ec\/wp-content\/uploads\/2025\/09\/image-292-768x384.png 768w, https:\/\/elmercuriomanta.ec\/wp-content\/uploads\/2025\/09\/image-292.png 1200w\" sizes=\"(max-width: 1024px) 100vw, 1024px\" \/><\/figure>\n\n\n\n<p>Si en el refer\u00e9ndum del 16 de noviembre la ciudadan\u00eda acepta que las bases militares extranjeras se instauren en Ecuador, la primera de ellas llegar\u00e1 al pa\u00eds en 2026. As\u00ed lo revel\u00f3 el presidente Daniel Noboa el 26 de septiembre en una entrevista, desarrollado en la Gobernaci\u00f3n de Cotopaxi. \u00abExiste un inter\u00e9s de parte de la Europol, asimismo de los Estados Unidos, de tener bases militares en Ecuador\u00bb, asegur\u00f3.<\/p>\n\n\n\n<p>DI\u00c1LOGO CON PETRO SIN ACUERDOS Noboa dijo que ha conversado con su hom\u00f3logo de Colombia, Gustavo Petro, sobre la fumigaci\u00f3n de plantaciones de coca en territorio colombiano, en la frontera con Ecuador. Pero asegur\u00f3 que Petro se mostr\u00f3 contrario a ello. \u00abPuede existir di\u00e1logo, el di\u00e1logo existe, que estemos de acuerdo es diferente\u00bb.<\/p>\n\n\n\n<p>C\u00c1RCEL DEL ENCUENTRO, PARA NOVIEMBRE Noboa consider\u00f3 que el control de las c\u00e1rceles no se la ha ido de las manos, pese a que en los \u00faltimos d\u00edas se registraron masacres carcelarias en Machala y Esmeraldas. Tampoco ve necesidad en sacar a los militares de las prisiones. En cuatro o cinco semanas ya estar\u00e1 lista la C\u00e1rcel del Encuentro, ofreci\u00f3, es decir, para inicios de noviembre. Asegur\u00f3 que ha reducido considerablemente el hacinamiento carcelario a tal punto que est\u00e1 cerca de llegar a cero. Tambi\u00e9n dijo que en Ecuador hay por lo menos unos 40.000 integrantes de grupos de delincuencia organizada, mientras que los militares llegan a 35.000 y polic\u00edas 57.000.<\/p>\n","protected":false},"excerpt":{"rendered":"<p>Si en el refer\u00e9ndum del 16 de noviembre la ciudadan\u00eda acepta que las bases militares extranjeras se instauren en Ecuador, la primera de ellas llegar\u00e1 al pa\u00eds en 2026. As\u00ed lo revel\u00f3 el presidente Daniel Noboa el 26 de septiembre en una entrevista, desarrollado en la Gobernaci\u00f3n de Cotopaxi. \u00abExiste un inter\u00e9s de parte de la Europol, asimismo de los Estados Unidos, de tener bases militares en Ecuador\u00bb, asegur\u00f3.<\/p>\n<p>DI\u00c1LOGO CON PETRO SIN ACUERDOS Noboa dijo que ha conversado con su hom\u00f3logo de Colombia, Gustavo Petro, sobre la fumigaci\u00f3n de plantaciones de coca en territorio colombiano, en la frontera con Ecuador. Pero asegur\u00f3 que Petro se mostr\u00f3 contrario a ello. \u00abPuede existir di\u00e1logo, el di\u00e1logo existe, que estemos de acuerdo es diferente\u00bb.<\/p>\n<p>C\u00c1RCEL DEL ENCUENTRO, PARA NOVIEMBRE Noboa consider\u00f3 que el control de las c\u00e1rceles no se la ha ido de las manos, pese a que en los \u00faltimos d\u00edas se registraron masacres carcelarias en Machala y Esmeraldas. Tampoco ve necesidad en sacar a los militares de las prisiones. En cuatro o cinco semanas ya estar\u00e1 lista la C\u00e1rcel del Encuentro, ofreci\u00f3, es decir, para inicios de noviembre. Asegur\u00f3 que ha reducido considerablemente el hacinamiento carcelario a tal punto que est\u00e1 cerca de llegar a cero. Tambi\u00e9n dijo que en Ecuador hay por lo menos unos 40.000 integrantes de grupos de delincuencia organizada, mientras que los militares llegan a 35.000 y polic\u00edas 57.000.<\/p>\n","protected":false},"author":12,"featured_media":53021,"comment_status":"open","ping_status":"open","sticky":false,"template":"","format":"standard","meta":{"footnotes":""},"categories":[1],"tags":[23],"class_list":["post-53020","post","type-post","status-publish","format-standard","has-post-thumbnail","hentry","category-uncategorized","tag-ecuador"],"_links":{"self":[{"href":"https:\/\/elmercuriomanta.ec\/index.php\/wp-json\/wp\/v2\/posts\/53020","targetHints":{"allow":["GET"]}}],"collection":[{"href":"https:\/\/elmercuriomanta.ec\/index.php\/wp-json\/wp\/v2\/posts"}],"about":[{"href":"https:\/\/elmercuriomanta.ec\/index.php\/wp-json\/wp\/v2\/types\/post"}],"author":[{"embeddable":true,"href":"https:\/\/elmercuriomanta.ec\/index.php\/wp-json\/wp\/v2\/users\/12"}],"replies":[{"embeddable":true,"href":"https:\/\/elmercuriomanta.ec\/index.php\/wp-json\/wp\/v2\/comments?post=53020"}],"version-history":[{"count":1,"href":"https:\/\/elmercuriomanta.ec\/index.php\/wp-json\/wp\/v2\/posts\/53020\/revisions"}],"predecessor-version":[{"id":53022,"href":"https:\/\/elmercuriomanta.ec\/index.php\/wp-json\/wp\/v2\/posts\/53020\/revisions\/53022"}],"wp:featuredmedia":[{"embeddable":true,"href":"https:\/\/elmercuriomanta.ec\/index.php\/wp-json\/wp\/v2\/media\/53021"}],"wp:attachment":[{"href":"https:\/\/elmercuriomanta.ec\/index.php\/wp-json\/wp\/v2\/media?parent=53020"}],"wp:term":[{"taxonomy":"category","embeddable":true,"href":"https:\/\/elmercuriomanta.ec\/index.php\/wp-json\/wp\/v2\/categories?post=53020"},{"taxonomy":"post_tag","embeddable":true,"href":"https:\/\/elmercuriomanta.ec\/index.php\/wp-json\/wp\/v2\/tags?post=53020"}],"curies":[{"name":"wp","href":"https:\/\/api.w.org\/{rel}","templated":true}]}}