{"id":52757,"date":"2025-09-23T12:52:33","date_gmt":"2025-09-23T17:52:33","guid":{"rendered":"https:\/\/elmercuriomanta.ec\/?p=52757"},"modified":"2025-09-23T12:52:33","modified_gmt":"2025-09-23T17:52:33","slug":"otavalo-manifestantes-destruyen-cuartel-y-lesionan-a-dos-policias","status":"publish","type":"post","link":"https:\/\/elmercuriomanta.ec\/index.php\/2025\/09\/23\/otavalo-manifestantes-destruyen-cuartel-y-lesionan-a-dos-policias\/","title":{"rendered":"Otavalo: Manifestantes Destruyen Cuartel y Lesionan a dos Polic\u00edas"},"content":{"rendered":"\n<figure class=\"wp-block-image aligncenter size-large is-resized\"><img fetchpriority=\"high\" decoding=\"async\" width=\"1024\" height=\"511\" src=\"https:\/\/elmercuriomanta.ec\/wp-content\/uploads\/2025\/09\/image-254-1024x511.png\" alt=\"\" class=\"wp-image-52758\" style=\"width:528px;height:auto\" srcset=\"https:\/\/elmercuriomanta.ec\/wp-content\/uploads\/2025\/09\/image-254-1024x511.png 1024w, https:\/\/elmercuriomanta.ec\/wp-content\/uploads\/2025\/09\/image-254-300x150.png 300w, https:\/\/elmercuriomanta.ec\/wp-content\/uploads\/2025\/09\/image-254-768x383.png 768w, https:\/\/elmercuriomanta.ec\/wp-content\/uploads\/2025\/09\/image-254.png 1118w\" sizes=\"(max-width: 1024px) 100vw, 1024px\" \/><\/figure>\n\n\n\n<p>La Polic\u00eda Nacional inform\u00f3 que, este lunes 22 de septiembre de 2025, se produjo un ataque al Comando de Polic\u00eda de Otavalo que dej\u00f3 da\u00f1os materiales significativos. Adem\u00e1s, producto de ello, dos servidores policiales resultaron heridos. Mediante un comunicado, la Polic\u00eda se\u00f1al\u00f3 que en el lugar, se encontraban aproximadamente 1.000 manifestantes, quienes, con \u00abacciones terroristas, ocasionaron da\u00f1os a las instalaciones del comando policial, motocicletas, veh\u00edculos policiales y particulares, poniendo tambi\u00e9n en riesgo la integridad f\u00edsica de nuestros compa\u00f1eros, quienes se encuentran en la mencionada dependencia\u00bb.<\/p>\n\n\n\n<p>En el texto, la instituci\u00f3n rechaz\u00f3 \u00abde manera categ\u00f3rica estos actos terroristas, que pretenden sembrar el caos y el terror en la comunidad, con actos que atentan contra la seguridad de la ciudadan\u00eda, el orden p\u00fablico y los bienes estatales y privados. Hacemos un llamado a la calma y al di\u00e1logo, como la \u00fanica v\u00eda leg\u00edtima para expresar demandas y resolver conflictos\u00bb.<\/p>\n\n\n\n<p><\/p>\n","protected":false},"excerpt":{"rendered":"<p>La Polic\u00eda Nacional inform\u00f3 que, este lunes 22 de septiembre de 2025, se produjo un ataque al Comando de Polic\u00eda de Otavalo que dej\u00f3 da\u00f1os materiales significativos. Adem\u00e1s, producto de ello, dos servidores policiales resultaron heridos. Mediante un comunicado, la Polic\u00eda se\u00f1al\u00f3 que en el lugar, se encontraban aproximadamente 1.000 manifestantes, quienes, con \u00abacciones terroristas, ocasionaron da\u00f1os a las instalaciones del comando policial, motocicletas, veh\u00edculos policiales y particulares, poniendo tambi\u00e9n en riesgo la integridad f\u00edsica de nuestros compa\u00f1eros, quienes se encuentran en la mencionada dependencia\u00bb.<\/p>\n<p>En el texto, la instituci\u00f3n rechaz\u00f3 \u00abde manera categ\u00f3rica estos actos terroristas, que pretenden sembrar el caos y el terror en la comunidad, con actos que atentan contra la seguridad de la ciudadan\u00eda, el orden p\u00fablico y los bienes estatales y privados. Hacemos un llamado a la calma y al di\u00e1logo, como la \u00fanica v\u00eda leg\u00edtima para expresar demandas y resolver conflictos\u00bb.<\/p>\n","protected":false},"author":12,"featured_media":52758,"comment_status":"open","ping_status":"open","sticky":false,"template":"","format":"standard","meta":{"footnotes":""},"categories":[1],"tags":[23],"class_list":["post-52757","post","type-post","status-publish","format-standard","has-post-thumbnail","hentry","category-uncategorized","tag-ecuador"],"_links":{"self":[{"href":"https:\/\/elmercuriomanta.ec\/index.php\/wp-json\/wp\/v2\/posts\/52757","targetHints":{"allow":["GET"]}}],"collection":[{"href":"https:\/\/elmercuriomanta.ec\/index.php\/wp-json\/wp\/v2\/posts"}],"about":[{"href":"https:\/\/elmercuriomanta.ec\/index.php\/wp-json\/wp\/v2\/types\/post"}],"author":[{"embeddable":true,"href":"https:\/\/elmercuriomanta.ec\/index.php\/wp-json\/wp\/v2\/users\/12"}],"replies":[{"embeddable":true,"href":"https:\/\/elmercuriomanta.ec\/index.php\/wp-json\/wp\/v2\/comments?post=52757"}],"version-history":[{"count":1,"href":"https:\/\/elmercuriomanta.ec\/index.php\/wp-json\/wp\/v2\/posts\/52757\/revisions"}],"predecessor-version":[{"id":52759,"href":"https:\/\/elmercuriomanta.ec\/index.php\/wp-json\/wp\/v2\/posts\/52757\/revisions\/52759"}],"wp:featuredmedia":[{"embeddable":true,"href":"https:\/\/elmercuriomanta.ec\/index.php\/wp-json\/wp\/v2\/media\/52758"}],"wp:attachment":[{"href":"https:\/\/elmercuriomanta.ec\/index.php\/wp-json\/wp\/v2\/media?parent=52757"}],"wp:term":[{"taxonomy":"category","embeddable":true,"href":"https:\/\/elmercuriomanta.ec\/index.php\/wp-json\/wp\/v2\/categories?post=52757"},{"taxonomy":"post_tag","embeddable":true,"href":"https:\/\/elmercuriomanta.ec\/index.php\/wp-json\/wp\/v2\/tags?post=52757"}],"curies":[{"name":"wp","href":"https:\/\/api.w.org\/{rel}","templated":true}]}}