{"id":52745,"date":"2025-09-23T12:17:21","date_gmt":"2025-09-23T17:17:21","guid":{"rendered":"https:\/\/elmercuriomanta.ec\/?p=52745"},"modified":"2025-09-23T12:17:21","modified_gmt":"2025-09-23T17:17:21","slug":"manta-se-muestra-al-mundo-desde-el-museo-americano-de-historia-natural-de-nueva-york","status":"publish","type":"post","link":"https:\/\/elmercuriomanta.ec\/index.php\/2025\/09\/23\/manta-se-muestra-al-mundo-desde-el-museo-americano-de-historia-natural-de-nueva-york\/","title":{"rendered":"Manta se muestra al mundo desde el Museo Americano de Historia Natural de Nueva York"},"content":{"rendered":"\n<figure class=\"wp-block-image aligncenter size-full is-resized\"><img fetchpriority=\"high\" decoding=\"async\" width=\"900\" height=\"563\" src=\"https:\/\/elmercuriomanta.ec\/wp-content\/uploads\/2025\/09\/0cd1fb9f958a00dced7514b490a5f51c-1-1.avif\" alt=\"\" class=\"wp-image-52747\" style=\"width:682px;height:auto\" srcset=\"https:\/\/elmercuriomanta.ec\/wp-content\/uploads\/2025\/09\/0cd1fb9f958a00dced7514b490a5f51c-1-1.avif 900w, https:\/\/elmercuriomanta.ec\/wp-content\/uploads\/2025\/09\/0cd1fb9f958a00dced7514b490a5f51c-1-1-300x188.avif 300w, https:\/\/elmercuriomanta.ec\/wp-content\/uploads\/2025\/09\/0cd1fb9f958a00dced7514b490a5f51c-1-1-768x480.avif 768w\" sizes=\"(max-width: 900px) 100vw, 900px\" \/><\/figure>\n\n\n\n<p>El Museo Americano de Historia Natural de Nueva York (AMNH, por sus siglas en ingl\u00e9s) devel\u00f3 este lunes un c\u00f3digo QR sobre la Cultura Mante\u00f1a, que permitir\u00e1 a los visitantes acceder a extensa informaci\u00f3n de esta civilizaci\u00f3n, considerada entre las m\u00e1s trascendentes del Ecuador y Sudam\u00e9rica. <\/p>\n\n\n\n<p>El acto cont\u00f3 con la presencia de la alcaldesa de Manta, Ing. Marciana Valdivieso, quien en su intervenci\u00f3n hizo \u00e9nfasis sobre la relevancia hist\u00f3rica del evento.<\/p>\n\n\n\n<p><em>\u201cLa historia no se guarda, se la comparte, se la honra\u201d, dijo la alcaldesa, Marciana Valdivieso, durante el acto inaugural del acceso digital a la Cultura Mante\u00f1a.<\/em><\/p>\n\n\n\n<p>En nombre del museo intervino el doctor John Bunce, curador de la divisi\u00f3n deAntropolog\u00eda. Al relievar la asociaci\u00f3n entre el AMNH y el Comit\u00e9 C\u00edvico de la Memoria Hist\u00f3rica de Manta (CCMHM), Bunce reconoci\u00f3 que esta cooperaci\u00f3n condujo a obtener un importante contexto hist\u00f3rico sobre la Cultura Mante\u00f1a y su pieza m\u00e1s representativa, la Silla y su conexi\u00f3n duradera con el pueblo de Manta.<br>\u201cReconocemos las valiosas contribuciones de la comunidad ecuatoriana en Nueva York y nos enorgullece mostrar su rico patrimonio cultural aqu\u00ed en el Museo\u201d, dijo Bunce al inaugurar el evento.<\/p>\n\n\n\n<p><strong>Acto de responsabilidad cultural<\/strong><br>El c\u00f3nsul general de Ecuador en Nueva York, embajador Jos\u00e9 Sandoval, expres\u00f3 que la mante\u00f1a, es una de las civilizaciones precolombinas m\u00e1s notables y representa un pilar fundamental en la historia e identidad de la regi\u00f3n costera.<br>\u201cRecordar hoy a la Cultura Mante\u00f1a no es solo un acto de memoria, sino de responsabilidad cultural\u201d, remarc\u00f3 el embajador y a\u00f1adi\u00f3. <\/p>\n\n\n\n<figure class=\"wp-block-image alignright size-large is-resized\"><img decoding=\"async\" width=\"1024\" height=\"768\" src=\"https:\/\/elmercuriomanta.ec\/wp-content\/uploads\/2025\/09\/Sin-titulo-1024x768.jpeg\" alt=\"\" class=\"wp-image-52748\" style=\"width:445px;height:auto\" srcset=\"https:\/\/elmercuriomanta.ec\/wp-content\/uploads\/2025\/09\/Sin-titulo-1024x768.jpeg 1024w, https:\/\/elmercuriomanta.ec\/wp-content\/uploads\/2025\/09\/Sin-titulo-300x225.jpeg 300w, https:\/\/elmercuriomanta.ec\/wp-content\/uploads\/2025\/09\/Sin-titulo-768x576.jpeg 768w, https:\/\/elmercuriomanta.ec\/wp-content\/uploads\/2025\/09\/Sin-titulo-1536x1152.jpeg 1536w, https:\/\/elmercuriomanta.ec\/wp-content\/uploads\/2025\/09\/Sin-titulo.jpeg 1600w\" sizes=\"(max-width: 1024px) 100vw, 1024px\" \/><\/figure>\n\n\n\n<p><strong>Ampliaci\u00f3n de la exhibici\u00f3n<\/strong><br>\u201cEste es el primer paso hacia un objetivo mucho m\u00e1s ambicioso a mediano plazo que es la ampliaci\u00f3n de la exhibici\u00f3n de la Cultura Mante\u00f1a. El AMNH est\u00e1 trabajando y vamos a continuar apoyando esta alianza de cooperaci\u00f3n\u201d, dijo el periodista David Ram\u00edrez, uno de los promotores del evento.<br>Por segundo a\u00f1o consecutivo el museo abri\u00f3 sus instalaciones para resaltar la ancestralidad ecuatoriana, lo cual marca un hito dentro la visi\u00f3n de interactuar con las comunidades residentes en Nueva York, que tiene nexos con las culturas que se exhiben en el AMNH, record\u00f3 Ram\u00edrez.<\/p>\n\n\n\n<p>Sobre los pasos de Marshall Saville<br>En el ensayo \u201cCultura Mante\u00f1a: 1.000 a\u00f1os de historia\u201d, el gestor cultural Vladimir Zambrano, hizo una revisi\u00f3n cronol\u00f3gica del esplendor e incidencia de esta civilizaci\u00f3n que se distingui\u00f3 por su legado de intercambio comercial mar\u00edtimo y su notable desarrollo social.<br>Por su parte el historiador Josel\u00edas S\u00e1nchez, se remont\u00f3 al 22 de septiembre de 1907 en que The New York Times public\u00f3 el art\u00edculo \u201cUna civilizaci\u00f3n desconocida encontrada en los tr\u00f3picos\u201d, en el que el arque\u00f3logo, Marshall Saville, describe su descubrimiento y destaca a la silla de piedra \u201ccomo una pieza asombrosa. \u00danica entre los pueblos precolombinos\u201d.<br>\u201cAqu\u00ed est\u00e1 hoy, 22 de septiembre de 2025 \u2014refiri\u00e9ndose a la silla que se exhibe en Nueva York \u2014 118 a\u00f1os despu\u00e9s, ya no es el New York Times, es el Museo Americano de Historia Natural. Ya no est\u00e1 el arque\u00f3logo en Manab\u00ed, estamos los manabitas junto al descubrimiento del arque\u00f3logo\u201d, matiz\u00f3 S\u00e1nchez.<\/p>\n\n\n\n<p><strong>Llamado a continuar investigaci\u00f3n en el cerro Jaboncillo<\/strong><br>El ex subsecretario de Educaci\u00f3n, abogado Trajano Andrade, a nombre de la sociedad civil elogi\u00f3 la misi\u00f3n del Museo Americano de Historia Natural.<\/p>\n\n\n\n<p><br><em>\u201cLos ecuatorianos que somos testigos hoy de este grandioso reconocimiento internacional de nuestra ancestralidad, le debemos una inmensa gratitud al museo y a sus directivos\u201d.<\/em><\/p>\n\n\n\n<p><br>Este in\u00e9dito acto de celebraci\u00f3n de la Cultura Mante\u00f1a, sostuvo Andrade, es un reconocimiento a su legado como organizaci\u00f3n colectiva social que ha quedado impregnado con fuerza milenaria en la madre tierra, donde emerge ahora la ciudad puerto de Manta.<br>El ex subsecretario dijo que adem\u00e1s, era oportunidad irrepetible para despertar la conciencia de la colectividad sobre su patrimonio cultural. Andrade plante\u00f3 que el museo contin\u00fae con la investigaci\u00f3n del arque\u00f3logo Marshall Saville, quien afirmara en sus libros que existen restos similares a Machu Picchu, bajo el cerro Jaboncillo.<br>\u201cEsto ser\u00eda un suceso mundial si los investigadores del American Museum of Natural History, lograran confirmar efectivamente este descubrimiento\u201d, concluy\u00f3 Andrade.<\/p>\n\n\n\n<figure class=\"wp-block-image size-large\"><img decoding=\"async\" width=\"1024\" height=\"743\" src=\"https:\/\/elmercuriomanta.ec\/wp-content\/uploads\/2025\/09\/Sin-titulo-1-1024x743.jpeg\" alt=\"\" class=\"wp-image-52749\" srcset=\"https:\/\/elmercuriomanta.ec\/wp-content\/uploads\/2025\/09\/Sin-titulo-1-1024x743.jpeg 1024w, https:\/\/elmercuriomanta.ec\/wp-content\/uploads\/2025\/09\/Sin-titulo-1-300x218.jpeg 300w, https:\/\/elmercuriomanta.ec\/wp-content\/uploads\/2025\/09\/Sin-titulo-1-768x557.jpeg 768w, https:\/\/elmercuriomanta.ec\/wp-content\/uploads\/2025\/09\/Sin-titulo-1.jpeg 1280w\" sizes=\"(max-width: 1024px) 100vw, 1024px\" \/><\/figure>\n\n\n\n<p><\/p>\n\n\n\n<p><\/p>\n","protected":false},"excerpt":{"rendered":"<p>El Museo Americano de Historia Natural de Nueva York (AMNH, por sus siglas en ingl\u00e9s) devel\u00f3 este lunes un c\u00f3digo QR sobre la Cultura Mante\u00f1a, que permitir\u00e1 a los visitantes acceder a extensa informaci\u00f3n de esta civilizaci\u00f3n, considerada entre las m\u00e1s trascendentes del Ecuador y Sudam\u00e9rica. El acto cont\u00f3 con la presencia de la alcaldesa [&hellip;]<\/p>\n","protected":false},"author":14,"featured_media":52748,"comment_status":"open","ping_status":"open","sticky":false,"template":"","format":"standard","meta":{"footnotes":""},"categories":[8,21],"tags":[42,29,38],"class_list":["post-52745","post","type-post","status-publish","format-standard","has-post-thumbnail","hentry","category-internacional","category-noticia-del-dia","tag-internacional","tag-manabi","tag-manta"],"_links":{"self":[{"href":"https:\/\/elmercuriomanta.ec\/index.php\/wp-json\/wp\/v2\/posts\/52745","targetHints":{"allow":["GET"]}}],"collection":[{"href":"https:\/\/elmercuriomanta.ec\/index.php\/wp-json\/wp\/v2\/posts"}],"about":[{"href":"https:\/\/elmercuriomanta.ec\/index.php\/wp-json\/wp\/v2\/types\/post"}],"author":[{"embeddable":true,"href":"https:\/\/elmercuriomanta.ec\/index.php\/wp-json\/wp\/v2\/users\/14"}],"replies":[{"embeddable":true,"href":"https:\/\/elmercuriomanta.ec\/index.php\/wp-json\/wp\/v2\/comments?post=52745"}],"version-history":[{"count":1,"href":"https:\/\/elmercuriomanta.ec\/index.php\/wp-json\/wp\/v2\/posts\/52745\/revisions"}],"predecessor-version":[{"id":52750,"href":"https:\/\/elmercuriomanta.ec\/index.php\/wp-json\/wp\/v2\/posts\/52745\/revisions\/52750"}],"wp:featuredmedia":[{"embeddable":true,"href":"https:\/\/elmercuriomanta.ec\/index.php\/wp-json\/wp\/v2\/media\/52748"}],"wp:attachment":[{"href":"https:\/\/elmercuriomanta.ec\/index.php\/wp-json\/wp\/v2\/media?parent=52745"}],"wp:term":[{"taxonomy":"category","embeddable":true,"href":"https:\/\/elmercuriomanta.ec\/index.php\/wp-json\/wp\/v2\/categories?post=52745"},{"taxonomy":"post_tag","embeddable":true,"href":"https:\/\/elmercuriomanta.ec\/index.php\/wp-json\/wp\/v2\/tags?post=52745"}],"curies":[{"name":"wp","href":"https:\/\/api.w.org\/{rel}","templated":true}]}}