{"id":52702,"date":"2025-09-23T10:03:19","date_gmt":"2025-09-23T15:03:19","guid":{"rendered":"https:\/\/elmercuriomanta.ec\/?p=52702"},"modified":"2025-09-23T10:03:19","modified_gmt":"2025-09-23T15:03:19","slug":"nueva-variante-de-covid-incrementa-los-casos-de-enfermedades-respiratorias-en-ecuador","status":"publish","type":"post","link":"https:\/\/elmercuriomanta.ec\/index.php\/2025\/09\/23\/nueva-variante-de-covid-incrementa-los-casos-de-enfermedades-respiratorias-en-ecuador\/","title":{"rendered":"NUEVA VARIANTE DE COVID INCREMENTA LOS CASOS DE ENFERMEDADES RESPIRATORIAS EN ECUADOR"},"content":{"rendered":"\n<figure class=\"wp-block-image aligncenter size-full is-resized\"><img fetchpriority=\"high\" decoding=\"async\" width=\"770\" height=\"533\" src=\"https:\/\/elmercuriomanta.ec\/wp-content\/uploads\/2025\/09\/image-243.png\" alt=\"\" class=\"wp-image-52706\" style=\"width:437px;height:auto\" srcset=\"https:\/\/elmercuriomanta.ec\/wp-content\/uploads\/2025\/09\/image-243.png 770w, https:\/\/elmercuriomanta.ec\/wp-content\/uploads\/2025\/09\/image-243-300x208.png 300w, https:\/\/elmercuriomanta.ec\/wp-content\/uploads\/2025\/09\/image-243-768x532.png 768w\" sizes=\"(max-width: 770px) 100vw, 770px\" \/><\/figure>\n\n\n\n<p>La llegada de una nueva variante de Covid-19 y diferentes s\u00edntomas gripales, han elevado el n\u00famero de infecciones respiratorias en el pa\u00eds hace varias semanas.<br><br>Este nuevo brote de Covid-19 se origina por la generaci\u00f3n de una variante en la cepa \u00d3micron (BN 181) variante que se expande con facilidad debido a la falta de defensas en el organismo humano.<br><br>Dentro de los s\u00edntomas de esta nueva variante se encuentran: tos, disfon\u00eda, dolor de cabeza, dolor de garganta, fiebre y escalofr\u00edos. La mayor\u00eda de esta sintomatolog\u00eda ha sido identificada mediante ex\u00e1menes de laboratorio, mismos, que han presentado un incremento del 30%.<br><br>A escala nacional, Ecuador registra, de enero al 2 de septiembre de 2025,\u00a01.605 casos de Infecciones Respiratorias Agudas Graves (IRAG), categor\u00eda que incluye enfermedades como el Virus Sincital Respiratorio (VSR), el Ah1n1, Sars-CoV-2 (Covid-19), Metapneumon\u00eda, Parainfluenza 1, 2 y 3, Influenza, Adenovirus, entre otros.<br><br><\/p>\n","protected":false},"excerpt":{"rendered":"<p>La llegada de una nueva variante de Covid-19 y diferentes s\u00edntomas gripales, han elevado el n\u00famero de infecciones respiratorias en el pa\u00eds hace varias semanas.<\/p>\n<p>Este nuevo brote de Covid-19 se origina por la generaci\u00f3n de una variante en la cepa \u00d3micron (BN 181) variante que se expande con facilidad debido a la falta de defensas en el organismo humano.<\/p>\n","protected":false},"author":14,"featured_media":52706,"comment_status":"open","ping_status":"open","sticky":false,"template":"","format":"standard","meta":{"footnotes":""},"categories":[1],"tags":[],"class_list":["post-52702","post","type-post","status-publish","format-standard","has-post-thumbnail","hentry","category-uncategorized"],"_links":{"self":[{"href":"https:\/\/elmercuriomanta.ec\/index.php\/wp-json\/wp\/v2\/posts\/52702","targetHints":{"allow":["GET"]}}],"collection":[{"href":"https:\/\/elmercuriomanta.ec\/index.php\/wp-json\/wp\/v2\/posts"}],"about":[{"href":"https:\/\/elmercuriomanta.ec\/index.php\/wp-json\/wp\/v2\/types\/post"}],"author":[{"embeddable":true,"href":"https:\/\/elmercuriomanta.ec\/index.php\/wp-json\/wp\/v2\/users\/14"}],"replies":[{"embeddable":true,"href":"https:\/\/elmercuriomanta.ec\/index.php\/wp-json\/wp\/v2\/comments?post=52702"}],"version-history":[{"count":1,"href":"https:\/\/elmercuriomanta.ec\/index.php\/wp-json\/wp\/v2\/posts\/52702\/revisions"}],"predecessor-version":[{"id":52707,"href":"https:\/\/elmercuriomanta.ec\/index.php\/wp-json\/wp\/v2\/posts\/52702\/revisions\/52707"}],"wp:featuredmedia":[{"embeddable":true,"href":"https:\/\/elmercuriomanta.ec\/index.php\/wp-json\/wp\/v2\/media\/52706"}],"wp:attachment":[{"href":"https:\/\/elmercuriomanta.ec\/index.php\/wp-json\/wp\/v2\/media?parent=52702"}],"wp:term":[{"taxonomy":"category","embeddable":true,"href":"https:\/\/elmercuriomanta.ec\/index.php\/wp-json\/wp\/v2\/categories?post=52702"},{"taxonomy":"post_tag","embeddable":true,"href":"https:\/\/elmercuriomanta.ec\/index.php\/wp-json\/wp\/v2\/tags?post=52702"}],"curies":[{"name":"wp","href":"https:\/\/api.w.org\/{rel}","templated":true}]}}