{"id":52598,"date":"2025-09-21T11:13:22","date_gmt":"2025-09-21T16:13:22","guid":{"rendered":"https:\/\/elmercuriomanta.ec\/?p=52598"},"modified":"2025-09-21T11:13:22","modified_gmt":"2025-09-21T16:13:22","slug":"pueblo-waranka-convoco-a-una-marcha-y-se-sumo-al-paro-anunciado-por-la-conaie","status":"publish","type":"post","link":"https:\/\/elmercuriomanta.ec\/index.php\/2025\/09\/21\/pueblo-waranka-convoco-a-una-marcha-y-se-sumo-al-paro-anunciado-por-la-conaie\/","title":{"rendered":"Pueblo Waranka Convoc\u00f3 a una Marcha y se Sum\u00f3 al Paro Anunciado por la CONAIE"},"content":{"rendered":"\n<figure class=\"wp-block-image aligncenter size-large is-resized\"><img fetchpriority=\"high\" decoding=\"async\" width=\"1024\" height=\"576\" src=\"https:\/\/elmercuriomanta.ec\/wp-content\/uploads\/2025\/09\/image-224-1024x576.png\" alt=\"\" class=\"wp-image-52599\" style=\"width:535px;height:auto\" srcset=\"https:\/\/elmercuriomanta.ec\/wp-content\/uploads\/2025\/09\/image-224-1024x576.png 1024w, https:\/\/elmercuriomanta.ec\/wp-content\/uploads\/2025\/09\/image-224-300x169.png 300w, https:\/\/elmercuriomanta.ec\/wp-content\/uploads\/2025\/09\/image-224-768x432.png 768w, https:\/\/elmercuriomanta.ec\/wp-content\/uploads\/2025\/09\/image-224.png 1200w\" sizes=\"(max-width: 1024px) 100vw, 1024px\" \/><\/figure>\n\n\n\n<p>El Gobierno Comunitario Provincial del Pueblo Waranka (FECAB-BRUNARI) convoc\u00f3 una marcha pac\u00edfica para este lunes 22 de septiembre a las 14:00, en rechazo a la eliminaci\u00f3n del subsidio al di\u00e9sel. La movilizaci\u00f3n partir\u00e1 desde la sede de la organizaci\u00f3n en Guaranda y fueron invitados a participar los sectores sociales del campo y la ciudad de la provincia de Bol\u00edvar.<\/p>\n\n\n\n<p>La decisi\u00f3n se adopt\u00f3 en una asamblea extraordinaria realizada el s\u00e1bado 20 de septiembre de 2025, en la que tambi\u00e9n se ratific\u00f3 el respaldo al paro nacional indefinido convocado por la Conaie. Entre las 10 resoluciones aprobadas, el Gobierno Comunitario Provincial del Pueblo Waranka tambi\u00e9n exigi\u00f3 la derogatoria del Decreto Ejecutivo 126, con el que el presidente Daniel Noboa elimin\u00f3 el subsidio al di\u00e9sel. Adem\u00e1s, rechazaron la consulta popular y la Asamblea Constituyente impulsadas por el Ejecutivo, al considerar que no responden a las necesidades del pa\u00eds.<\/p>\n","protected":false},"excerpt":{"rendered":"<p>El Gobierno Comunitario Provincial del Pueblo Waranka (FECAB-BRUNARI) convoc\u00f3 una marcha pac\u00edfica para este lunes 22 de septiembre a las 14:00, en rechazo a la eliminaci\u00f3n del subsidio al di\u00e9sel. La movilizaci\u00f3n partir\u00e1 desde la sede de la organizaci\u00f3n en Guaranda y fueron invitados a participar los sectores sociales del campo y la ciudad de la provincia de Bol\u00edvar.<\/p>\n<p>La decisi\u00f3n se adopt\u00f3 en una asamblea extraordinaria realizada el s\u00e1bado 20 de septiembre de 2025, en la que tambi\u00e9n se ratific\u00f3 el respaldo al paro nacional indefinido convocado por la Conaie. Entre las 10 resoluciones aprobadas, el Gobierno Comunitario Provincial del Pueblo Waranka tambi\u00e9n exigi\u00f3 la derogatoria del Decreto Ejecutivo 126, con el que el presidente Daniel Noboa elimin\u00f3 el subsidio al di\u00e9sel. Adem\u00e1s, rechazaron la consulta popular y la Asamblea Constituyente impulsadas por el Ejecutivo, al considerar que no responden a las necesidades del pa\u00eds.<\/p>\n","protected":false},"author":12,"featured_media":52599,"comment_status":"open","ping_status":"open","sticky":false,"template":"","format":"standard","meta":{"footnotes":""},"categories":[1],"tags":[23],"class_list":["post-52598","post","type-post","status-publish","format-standard","has-post-thumbnail","hentry","category-uncategorized","tag-ecuador"],"_links":{"self":[{"href":"https:\/\/elmercuriomanta.ec\/index.php\/wp-json\/wp\/v2\/posts\/52598","targetHints":{"allow":["GET"]}}],"collection":[{"href":"https:\/\/elmercuriomanta.ec\/index.php\/wp-json\/wp\/v2\/posts"}],"about":[{"href":"https:\/\/elmercuriomanta.ec\/index.php\/wp-json\/wp\/v2\/types\/post"}],"author":[{"embeddable":true,"href":"https:\/\/elmercuriomanta.ec\/index.php\/wp-json\/wp\/v2\/users\/12"}],"replies":[{"embeddable":true,"href":"https:\/\/elmercuriomanta.ec\/index.php\/wp-json\/wp\/v2\/comments?post=52598"}],"version-history":[{"count":1,"href":"https:\/\/elmercuriomanta.ec\/index.php\/wp-json\/wp\/v2\/posts\/52598\/revisions"}],"predecessor-version":[{"id":52600,"href":"https:\/\/elmercuriomanta.ec\/index.php\/wp-json\/wp\/v2\/posts\/52598\/revisions\/52600"}],"wp:featuredmedia":[{"embeddable":true,"href":"https:\/\/elmercuriomanta.ec\/index.php\/wp-json\/wp\/v2\/media\/52599"}],"wp:attachment":[{"href":"https:\/\/elmercuriomanta.ec\/index.php\/wp-json\/wp\/v2\/media?parent=52598"}],"wp:term":[{"taxonomy":"category","embeddable":true,"href":"https:\/\/elmercuriomanta.ec\/index.php\/wp-json\/wp\/v2\/categories?post=52598"},{"taxonomy":"post_tag","embeddable":true,"href":"https:\/\/elmercuriomanta.ec\/index.php\/wp-json\/wp\/v2\/tags?post=52598"}],"curies":[{"name":"wp","href":"https:\/\/api.w.org\/{rel}","templated":true}]}}