{"id":52523,"date":"2025-09-19T16:04:03","date_gmt":"2025-09-19T21:04:03","guid":{"rendered":"https:\/\/elmercuriomanta.ec\/?p=52523"},"modified":"2025-09-19T16:04:03","modified_gmt":"2025-09-19T21:04:03","slug":"jose-serrano-y-su-habeas-corpus-ee-uu-dice-ni-lo-pienses","status":"publish","type":"post","link":"https:\/\/elmercuriomanta.ec\/index.php\/2025\/09\/19\/jose-serrano-y-su-habeas-corpus-ee-uu-dice-ni-lo-pienses\/","title":{"rendered":"Jos\u00e9 Serrano y su habeas corpus : EE.UU. dice ni lo pienses"},"content":{"rendered":"\n<figure class=\"wp-block-image aligncenter size-full is-resized\"><img fetchpriority=\"high\" decoding=\"async\" width=\"832\" height=\"468\" src=\"https:\/\/elmercuriomanta.ec\/wp-content\/uploads\/2025\/09\/image-212.png\" alt=\"\" class=\"wp-image-52524\" style=\"width:431px;height:auto\" srcset=\"https:\/\/elmercuriomanta.ec\/wp-content\/uploads\/2025\/09\/image-212.png 832w, https:\/\/elmercuriomanta.ec\/wp-content\/uploads\/2025\/09\/image-212-300x169.png 300w, https:\/\/elmercuriomanta.ec\/wp-content\/uploads\/2025\/09\/image-212-768x432.png 768w\" sizes=\"(max-width: 832px) 100vw, 832px\" \/><\/figure>\n\n\n\n<p><br><\/p>\n\n\n\n<p> Juan L\u00f3pez-Vega,\u00a0director interino de ICE respondi\u00f3 al proceso de habeas corpus que inici\u00f3 el exministro ecuatoriano, Jos\u00e9 Serrano Salgado, con el que busca su liberaci\u00f3n inmediata, o al menos, un traslado a una detenci\u00f3n como solicitante de asilo y no junto a criminales comunes.<\/p>\n\n\n\n<p>El proceso es reservado y no se tendr\u00e1 acceso a los documentos de respaldo. Adem\u00e1s, se revel\u00f3 que el funcionario se opuso a las solicitudes de Serrano. Hay ocho documentos adjuntaados como pruebas.<\/p>\n\n\n\n<p>Serrano solo podr\u00e1 presentar su r\u00e9plica  hasta el 25 de septiembre , antes de que el Tribunal tome su decisi\u00f3n.<\/p>\n\n\n\n<p>Serrano se encuentra detenido desde el 7 de agosto de 2025, debido a que su visa de turismo caduc\u00f3 y no tiene un estatus migratorio vigente, ya que no se ha resuelto su solicitud de asilo.\u00a0<\/p>\n\n\n\n<p>En esta audiencia, la jueza Romy Lerner deb\u00eda resolver este pedido. La diligencia se instal\u00f3, pero hasta el momento ni el Gobierno de Estados Unidos ni la defensa de Serrano han confirmado la resoluci\u00f3n.<br><br>Adem\u00e1s., Serrano tiene pendiente otra diligencia para el 30 de septiembre ante Lerner. En esta audiencia, la Magistrada resolver\u00e1 la aceptaci\u00f3n o negaci\u00f3n del asilo. En el primer caso, Serrano seguir\u00e1 en Estados Unidos y deber\u00e1 empezar a presentarse en el Consulado de Miami -todos los lunes- como medida preventiva por su procesamiento como presunto autor intelectual del asesinato de Fernando Villavicencio.<br><\/p>\n\n\n\n<p><\/p>\n","protected":false},"excerpt":{"rendered":"<p>Juan L\u00f3pez-Vega, director interino de ICE,  respondi\u00f3 con una moci\u00f3n de oposici\u00f3n a la demanda de h\u00e1beas corpus que Jos\u00e9 Serrano solicit\u00f3 para ser liberado o trasladado en Estados Unidos. <\/p>\n","protected":false},"author":14,"featured_media":52524,"comment_status":"open","ping_status":"open","sticky":false,"template":"","format":"standard","meta":{"footnotes":""},"categories":[8],"tags":[42],"class_list":["post-52523","post","type-post","status-publish","format-standard","has-post-thumbnail","hentry","category-internacional","tag-internacional"],"_links":{"self":[{"href":"https:\/\/elmercuriomanta.ec\/index.php\/wp-json\/wp\/v2\/posts\/52523","targetHints":{"allow":["GET"]}}],"collection":[{"href":"https:\/\/elmercuriomanta.ec\/index.php\/wp-json\/wp\/v2\/posts"}],"about":[{"href":"https:\/\/elmercuriomanta.ec\/index.php\/wp-json\/wp\/v2\/types\/post"}],"author":[{"embeddable":true,"href":"https:\/\/elmercuriomanta.ec\/index.php\/wp-json\/wp\/v2\/users\/14"}],"replies":[{"embeddable":true,"href":"https:\/\/elmercuriomanta.ec\/index.php\/wp-json\/wp\/v2\/comments?post=52523"}],"version-history":[{"count":1,"href":"https:\/\/elmercuriomanta.ec\/index.php\/wp-json\/wp\/v2\/posts\/52523\/revisions"}],"predecessor-version":[{"id":52525,"href":"https:\/\/elmercuriomanta.ec\/index.php\/wp-json\/wp\/v2\/posts\/52523\/revisions\/52525"}],"wp:featuredmedia":[{"embeddable":true,"href":"https:\/\/elmercuriomanta.ec\/index.php\/wp-json\/wp\/v2\/media\/52524"}],"wp:attachment":[{"href":"https:\/\/elmercuriomanta.ec\/index.php\/wp-json\/wp\/v2\/media?parent=52523"}],"wp:term":[{"taxonomy":"category","embeddable":true,"href":"https:\/\/elmercuriomanta.ec\/index.php\/wp-json\/wp\/v2\/categories?post=52523"},{"taxonomy":"post_tag","embeddable":true,"href":"https:\/\/elmercuriomanta.ec\/index.php\/wp-json\/wp\/v2\/tags?post=52523"}],"curies":[{"name":"wp","href":"https:\/\/api.w.org\/{rel}","templated":true}]}}