{"id":52495,"date":"2025-09-19T14:59:41","date_gmt":"2025-09-19T19:59:41","guid":{"rendered":"https:\/\/elmercuriomanta.ec\/?p=52495"},"modified":"2025-09-19T14:59:41","modified_gmt":"2025-09-19T19:59:41","slug":"los-declaro-personas-no-gratas-en-todo-el-pais-dice-noboa-ante-el-anuncio-del-movimiento-indigena-y-campesino-de-cotopaxi","status":"publish","type":"post","link":"https:\/\/elmercuriomanta.ec\/index.php\/2025\/09\/19\/los-declaro-personas-no-gratas-en-todo-el-pais-dice-noboa-ante-el-anuncio-del-movimiento-indigena-y-campesino-de-cotopaxi\/","title":{"rendered":"\u00abLos declaro personas no gratas en todo el pa\u00eds\u00bb, dice Noboa ante el anunci\u00f3 del Movimiento Ind\u00edgena y Campesino de Cotopaxi"},"content":{"rendered":"\n<figure class=\"wp-block-image aligncenter size-full is-resized\"><img fetchpriority=\"high\" decoding=\"async\" width=\"832\" height=\"468\" src=\"https:\/\/elmercuriomanta.ec\/wp-content\/uploads\/2025\/09\/image-205.png\" alt=\"\" class=\"wp-image-52504\" style=\"width:423px;height:auto\" srcset=\"https:\/\/elmercuriomanta.ec\/wp-content\/uploads\/2025\/09\/image-205.png 832w, https:\/\/elmercuriomanta.ec\/wp-content\/uploads\/2025\/09\/image-205-300x169.png 300w, https:\/\/elmercuriomanta.ec\/wp-content\/uploads\/2025\/09\/image-205-768x432.png 768w\" sizes=\"(max-width: 832px) 100vw, 832px\" \/><\/figure>\n\n\n\n<p><br>El presidente Daniel Noboa lleg\u00f3 a Bol\u00edvar a colocar la primera piedra de la v\u00eda Chimbo-Cristal, Bol\u00edvar\u00a0 y no desaprovech\u00f3 la oportunidad para mandarle un fuerte mensaje \u00a0 al Movimiento Ind\u00edgena y Campesino de Cotopaxi, luego de que la organizaci\u00f3n lo declarara \u201cpersona non grata\u00bb:\u00a0 \u201cSi ellos me declaran persona non grata en Cotopaxi, yo los declar\u00f3 personas non gratas en todo el pa\u00eds. El Ecuador es de todos, no de ellos\u201d.<\/p>\n\n\n\n<p>Noboa comento que \u00ablos revoltosos de siempre quieren hacer paro\u00bb, y descart\u00f3 que las manifestaciones sean parte de una intenci\u00f3n nacional.\u00a0<\/p>\n\n\n\n<p>Durante su discurso, el mandatario nunca mencion\u00f3 a la Conaie. Pero m\u00e1s bien habl\u00f3 de &#8216;ellos&#8217;.\u00a0<\/p>\n\n\n\n<p>\u00abMi mensaje es que se pongan a trabajar, que dejen de fregar la vida, porque sus comunidades est\u00e1n siendo beneficiadas\u00bb..\u00a0<\/p>\n\n\n\n<p>El llamado al paro nacional de la Conaie sucedi\u00f3 luego de que una asamblea extraordinaria en Riobamba, capital de Chimborazo, donde Noboa tuvo agenda el mismo d\u00eda.\u00a0<\/p>\n\n\n\n<p>el Movimiento Campesino e Ind\u00edgena de Cotopaxi (MICC) se uni\u00f3 a la convocatoria, Por lo que, dio a conocer el inicio de las movilizaciones mediante una rueda de prensa.<\/p>\n\n\n\n<p>Tanto el MICC como la Conaie argumentan que con el fin del subsidio al di\u00e9sel en Ecuador, a USD 2,80 el gal\u00f3n, los precios de alimentos de la canasta b\u00e1sica subir\u00e1n.\u00a0<\/p>\n\n\n\n<p>En sus resoluciones, el MICC declar\u00f3 a Noboa como \u00abpersona no grata en Cotopaxi por llegar al pueblo Kichwa Panzaleo a provocar\u00bb.\u00a0A lo que el presidente Noboa respondi\u00f3: \u00abLos declaro personas no gratas en todo el pa\u00eds porque Ecuador es de todo, no es de ello, no pueden decir si el presidente es persona grata o no\u00bb.\u00a0<br><\/p>\n\n\n\n<p>Noboa lleg\u00f3 a Bol\u00edvar a colocar la primera piedra de la v\u00eda Chimbo-Cristal. El presidente reiter\u00f3 que las Fuerzas Armadas y Polic\u00eda har\u00e1n respetar las leyes.\u00a0<\/p>\n\n\n\n<p>En contexto del llamado a las movilizaciones cinco\u00a0provincias de Ecuador tienen estado de excepci\u00f3n y toque de queda.<\/p>\n\n\n\n<p>Previamente, un comunicado del Gobierno indic\u00f3 que si los manifestantes cometen bloqueos &#8216;ilegales&#8217; de v\u00edas ser\u00e1n sancionados.<br><\/p>\n\n\n\n<p><\/p>\n","protected":false},"excerpt":{"rendered":"<p>El presidente Daniel Noboa lleg\u00f3 a Bol\u00edvar a colocar la primera piedra de la v\u00eda Chimbo-Cristal, Bol\u00edvar\u00a0 y no desaprovech\u00f3 la oportunidad para mandarle un fuerte mensaje \u00a0 al Movimiento Ind\u00edgena y Campesino de Cotopaxi, luego de que la organizaci\u00f3n lo declarara \u201cpersona non grata\u00bb:\u00a0 \u201cSi ellos me declaran persona non grata en Cotopaxi, yo los declar\u00f3 personas non gratas en todo el pa\u00eds. El Ecuador es de todos, no de ellos\u201d.<\/p>\n","protected":false},"author":14,"featured_media":52504,"comment_status":"open","ping_status":"open","sticky":false,"template":"","format":"standard","meta":{"footnotes":""},"categories":[1],"tags":[],"class_list":["post-52495","post","type-post","status-publish","format-standard","has-post-thumbnail","hentry","category-uncategorized"],"_links":{"self":[{"href":"https:\/\/elmercuriomanta.ec\/index.php\/wp-json\/wp\/v2\/posts\/52495","targetHints":{"allow":["GET"]}}],"collection":[{"href":"https:\/\/elmercuriomanta.ec\/index.php\/wp-json\/wp\/v2\/posts"}],"about":[{"href":"https:\/\/elmercuriomanta.ec\/index.php\/wp-json\/wp\/v2\/types\/post"}],"author":[{"embeddable":true,"href":"https:\/\/elmercuriomanta.ec\/index.php\/wp-json\/wp\/v2\/users\/14"}],"replies":[{"embeddable":true,"href":"https:\/\/elmercuriomanta.ec\/index.php\/wp-json\/wp\/v2\/comments?post=52495"}],"version-history":[{"count":1,"href":"https:\/\/elmercuriomanta.ec\/index.php\/wp-json\/wp\/v2\/posts\/52495\/revisions"}],"predecessor-version":[{"id":52507,"href":"https:\/\/elmercuriomanta.ec\/index.php\/wp-json\/wp\/v2\/posts\/52495\/revisions\/52507"}],"wp:featuredmedia":[{"embeddable":true,"href":"https:\/\/elmercuriomanta.ec\/index.php\/wp-json\/wp\/v2\/media\/52504"}],"wp:attachment":[{"href":"https:\/\/elmercuriomanta.ec\/index.php\/wp-json\/wp\/v2\/media?parent=52495"}],"wp:term":[{"taxonomy":"category","embeddable":true,"href":"https:\/\/elmercuriomanta.ec\/index.php\/wp-json\/wp\/v2\/categories?post=52495"},{"taxonomy":"post_tag","embeddable":true,"href":"https:\/\/elmercuriomanta.ec\/index.php\/wp-json\/wp\/v2\/tags?post=52495"}],"curies":[{"name":"wp","href":"https:\/\/api.w.org\/{rel}","templated":true}]}}