{"id":52492,"date":"2025-09-19T12:58:03","date_gmt":"2025-09-19T17:58:03","guid":{"rendered":"https:\/\/elmercuriomanta.ec\/?p=52492"},"modified":"2025-09-19T12:58:03","modified_gmt":"2025-09-19T17:58:03","slug":"hoy-fito-estara-ante-la-justicia-de-ee-uu","status":"publish","type":"post","link":"https:\/\/elmercuriomanta.ec\/index.php\/2025\/09\/19\/hoy-fito-estara-ante-la-justicia-de-ee-uu\/","title":{"rendered":"Hoy \u00abFito\u00bb estar\u00e1 ante la justicia de EE.UU."},"content":{"rendered":"\n<figure class=\"wp-block-image aligncenter size-large is-resized\"><img fetchpriority=\"high\" decoding=\"async\" width=\"1024\" height=\"512\" src=\"https:\/\/elmercuriomanta.ec\/wp-content\/uploads\/2025\/09\/image-201-1024x512.png\" alt=\"\" class=\"wp-image-52493\" style=\"width:418px;height:auto\" srcset=\"https:\/\/elmercuriomanta.ec\/wp-content\/uploads\/2025\/09\/image-201-1024x512.png 1024w, https:\/\/elmercuriomanta.ec\/wp-content\/uploads\/2025\/09\/image-201-300x150.png 300w, https:\/\/elmercuriomanta.ec\/wp-content\/uploads\/2025\/09\/image-201-768x384.png 768w, https:\/\/elmercuriomanta.ec\/wp-content\/uploads\/2025\/09\/image-201.png 1200w\" sizes=\"(max-width: 1024px) 100vw, 1024px\" \/><\/figure>\n\n\n\n<p>Este viernes, 19 de septiembre de 2025, Jos\u00e9\u00a0<strong>Adolfo Mac\u00edas Villamar ir\u00e1 nuevamentea la Corte<\/strong>\u00a0del Distrito Este de Nueva York, en Estados Unidos, para su segunda  audiencia, donde enfrentar\u00e1 <strong> siete cargos penales en su contra.<\/strong><\/p>\n\n\n\n<p>Alias \u00abFito\u00bb fue extraditado el pasado 20 de julio de 2025 hacia ese pa\u00eds, luego de ser recapturado en Montecristi, Manab\u00ed. Se lo acusa de narcotr\u00e1fico, contrabando, asociaci\u00f3n il\u00edcita, uso de armas de fuego.<\/p>\n\n\n\n<p>Su primera audiencia fue en julio, luego de ser trasladado bajo estrictas medidas de seguridad a ese pa\u00eds, donde se declar\u00f3 no culpable.<\/p>\n\n\n\n<p>Esta ocasi\u00f3n el juez revisar\u00e1 el estado del caso y con ello evaluar\u00e1 los plazos para definir los pasos hacia un eventual juicio. Mientras la Fiscal\u00eda y la defensa de Fito deber\u00e1n detallar la entrega de pruebas, mociones y negociaciones procesales.<\/p>\n\n\n\n<h2 class=\"wp-block-heading\"><\/h2>\n\n\n\n<p>Ser extraditado a Estados Unidos no impedi\u00f3 que Fito sea procesado nuevamente en Ecuador. Por su fuga de la c\u00e1rcel regional Guayas en enero de 2024,\u00a0<strong>enfrenta cargos de delincuencia organizad<\/strong>a. Tambi\u00e9n se investig\u00f3 el hecho como evasi\u00f3n.<\/p>\n\n\n\n<p>Un a\u00f1o y seis meses despu\u00e9s, se abri\u00f3 <strong>en el denominado caso Blanqueo Fito<\/strong>, donde se lo vincula.\u00a0El proceso revel\u00f3 tres clanes familiares del capo\u00a0para ingresar dinero il\u00edcito producto del narcotr\u00e1fico en el sistema financiero nacional.<\/p>\n\n\n\n<p>Su esposa fue se\u00f1alada de mover millones de d\u00f3lares y cre\u00f3 una empresa que tuvo contratos con el Estado. Adem\u00e1s\u00a0<strong>fue acusada de pagar a funcionarios del SNAI, Ministerios de Salud,<\/strong>\u00a0Educaci\u00f3n, polic\u00edas, entre otros. <\/p>\n\n\n\n<p>Sus hijos mayores,<strong>sus padres y dos hermanos, tambi\u00e9n son parte de los procesados en la causa.<\/strong> Por otra parte, se espera vincular a una persona m\u00e1s que se desempe\u00f1a como representante legal de una de las empresas investigadas.<\/p>\n\n\n\n<p>Pero la \u00faltima audiencia de vinculaci\u00f3n del caso revel\u00f3 algo m\u00e1s:&nbsp;<strong>el fallecimiento de al menos nueve personas que presuntamente hicieron negocios<\/strong>&nbsp;o tuvieron alg\u00fan tipo de acuerdo<strong>&nbsp;con Fito y su esposa Inda P.,<\/strong>&nbsp;quien actualmente es buscada por las autoridades.<\/p>\n\n\n\n<p>El primer fallecido es Bienvenido C. De acuerdo al acta, \u00e9l recibi\u00f3 transferencias, cheques de Inda P. Estuvo adem\u00e1s procesado por tenencia de armas.&nbsp;<strong>Su muerte ocurri\u00f3 en el marco del operativo Sol Naciente, que permiti\u00f3 la captura de alias Gerald en 2017.<\/strong><\/p>\n\n\n\n<p>John Humberto V.M., en cambio, le don\u00f3 un inmueble a la esposa de Fito. Dos d\u00edas despu\u00e9s de ese acuerdo, fue asesinado. El hombre reportaba antecedentes por robo y drogas.<\/p>\n\n\n\n<p>Los ciudadanos \u00c1ngela B.D., y Priago D.C., este \u00faltimo proveedor y beneficiario de transferencias, murieron asesinados en Manab\u00ed.<\/p>\n\n\n\n<p>Pero esas no fueron las \u00fanicas muertes relacionadas al clan Mac\u00edas Pe\u00f1arrieta. En el expediente se detalla que<strong>&nbsp;uno de los proveedores fue asesinado afuera de su taller en Manta.<\/strong>&nbsp;Se trataba de Andr\u00e9s V.O., alias Orejitas.<\/p>\n\n\n\n<p>Otro de los fallecidos fue Gilbert Z.G., cuyo cuerpo fue hallado al pie de la urbanizaci\u00f3n donde viv\u00eda. Algo similar pas\u00f3 con Jos\u00e9 Luis R.S., quien era beneficiario de transferencias, cheques y retiros. Muri\u00f3 en un ataque en la v\u00eda Interbarrial de Manta.<\/p>\n\n\n\n<p>Jos\u00e9 R.Z., es otro de los asesinados. Hizo tambi\u00e9n transacciones bancarias y su muerte ocurri\u00f3 durante una masacre en el barrio Centenario que dej\u00f3 tres v\u00edctimas m\u00e1s.<\/p>\n\n\n\n<p>Los asesinatos vinculados al clan Mac\u00edas y los negocios se extendieron a otras provincias. En Guayas,&nbsp;<strong>Jorge G.P., fue baleado cerca a un centro de salud<\/strong>&nbsp;de Balzar. \u00c9l adem\u00e1s de hacer transacciones con Inda P.,&nbsp;<strong>vendi\u00f3 derechos de uso de marca de una compa\u00f1\u00eda de agua embotellada.<\/strong><\/p>\n\n\n\n<p>Justamente una empresa investigada y fundada por la esposa de Fito, es de agua potable. Hasta el momento, el caso Blanqueo Fito sigue en instrucci\u00f3n fiscal. Cuando finalice la etapa, el juez convocar\u00e1 a una audiencia para decidir si llama o no a juicio a la red familiar del capo extraditado a Estados Unidos.<\/p>\n\n\n\n<p><\/p>\n","protected":false},"excerpt":{"rendered":"<p>Este viernes, 19 de septiembre de 2025, Jos\u00e9\u00a0Adolfo Mac\u00edas Villamar ir\u00e1 nuevamentea la Corte\u00a0del Distrito Este de Nueva York, en Estados Unidos, para su segunda  audiencia, donde enfrentar\u00e1  siete cargos penales en su contra.<\/p>\n","protected":false},"author":14,"featured_media":52493,"comment_status":"open","ping_status":"open","sticky":false,"template":"","format":"standard","meta":{"footnotes":""},"categories":[20,83],"tags":[42],"class_list":["post-52492","post","type-post","status-publish","format-standard","has-post-thumbnail","hentry","category-portada-2","category-sucesos","tag-internacional"],"_links":{"self":[{"href":"https:\/\/elmercuriomanta.ec\/index.php\/wp-json\/wp\/v2\/posts\/52492","targetHints":{"allow":["GET"]}}],"collection":[{"href":"https:\/\/elmercuriomanta.ec\/index.php\/wp-json\/wp\/v2\/posts"}],"about":[{"href":"https:\/\/elmercuriomanta.ec\/index.php\/wp-json\/wp\/v2\/types\/post"}],"author":[{"embeddable":true,"href":"https:\/\/elmercuriomanta.ec\/index.php\/wp-json\/wp\/v2\/users\/14"}],"replies":[{"embeddable":true,"href":"https:\/\/elmercuriomanta.ec\/index.php\/wp-json\/wp\/v2\/comments?post=52492"}],"version-history":[{"count":1,"href":"https:\/\/elmercuriomanta.ec\/index.php\/wp-json\/wp\/v2\/posts\/52492\/revisions"}],"predecessor-version":[{"id":52494,"href":"https:\/\/elmercuriomanta.ec\/index.php\/wp-json\/wp\/v2\/posts\/52492\/revisions\/52494"}],"wp:featuredmedia":[{"embeddable":true,"href":"https:\/\/elmercuriomanta.ec\/index.php\/wp-json\/wp\/v2\/media\/52493"}],"wp:attachment":[{"href":"https:\/\/elmercuriomanta.ec\/index.php\/wp-json\/wp\/v2\/media?parent=52492"}],"wp:term":[{"taxonomy":"category","embeddable":true,"href":"https:\/\/elmercuriomanta.ec\/index.php\/wp-json\/wp\/v2\/categories?post=52492"},{"taxonomy":"post_tag","embeddable":true,"href":"https:\/\/elmercuriomanta.ec\/index.php\/wp-json\/wp\/v2\/tags?post=52492"}],"curies":[{"name":"wp","href":"https:\/\/api.w.org\/{rel}","templated":true}]}}