{"id":52464,"date":"2025-09-19T11:22:23","date_gmt":"2025-09-19T16:22:23","guid":{"rendered":"https:\/\/elmercuriomanta.ec\/?p=52464"},"modified":"2025-09-19T11:22:23","modified_gmt":"2025-09-19T16:22:23","slug":"mas-oportunidades-784-nuevas-vacantes-docentes-se-abren-para-fortalecer-el-talento-educativo","status":"publish","type":"post","link":"https:\/\/elmercuriomanta.ec\/index.php\/2025\/09\/19\/mas-oportunidades-784-nuevas-vacantes-docentes-se-abren-para-fortalecer-el-talento-educativo\/","title":{"rendered":"M\u00e1s oportunidades : 784 nuevas vacantes docentes se abren para fortalecer el talento educativo"},"content":{"rendered":"\n<figure class=\"wp-block-gallery has-nested-images columns-default is-cropped wp-block-gallery-1 is-layout-flex wp-block-gallery-is-layout-flex\">\n<figure class=\"wp-block-image size-large\"><img fetchpriority=\"high\" decoding=\"async\" width=\"1024\" height=\"683\" data-id=\"52485\" src=\"https:\/\/elmercuriomanta.ec\/wp-content\/uploads\/2025\/09\/53181087578_6672ccd925_o-1024x683.jpg\" alt=\"\" class=\"wp-image-52485\" srcset=\"https:\/\/elmercuriomanta.ec\/wp-content\/uploads\/2025\/09\/53181087578_6672ccd925_o-1024x683.jpg 1024w, https:\/\/elmercuriomanta.ec\/wp-content\/uploads\/2025\/09\/53181087578_6672ccd925_o-300x200.jpg 300w, https:\/\/elmercuriomanta.ec\/wp-content\/uploads\/2025\/09\/53181087578_6672ccd925_o-768x512.jpg 768w, https:\/\/elmercuriomanta.ec\/wp-content\/uploads\/2025\/09\/53181087578_6672ccd925_o-1536x1024.jpg 1536w, https:\/\/elmercuriomanta.ec\/wp-content\/uploads\/2025\/09\/53181087578_6672ccd925_o-2048x1365.jpg 2048w\" sizes=\"(max-width: 1024px) 100vw, 1024px\" \/><\/figure>\n<\/figure>\n\n\n\n<p><\/p>\n\n\n\n<p>El Gobierno Nacional, mediante el Ministerio de Educaci\u00f3n, Deporte y Cultura, anunci\u00f3 la apertura de 784 nuevas vacantes docentes. Esta decisi\u00f3n se enmarca en el proceso de valorizaci\u00f3n de la carrera educativa y responde a las necesidades prioritarias de las instituciones educativas a nivel nacional.<\/p>\n\n\n\n<p>El proceso de inscripci\u00f3n y postulaci\u00f3n se desarrollar\u00e1 hasta el 18 de septiembre de 2025 a trav\u00e9s del siguiente enlace:<\/p>\n\n\n\n<p>Los resultados oficiales ser\u00e1n publicados el 26 de septiembre, y los nuevos docentes se incorporar\u00e1n el 1 de octubre, fortaleciendo el sistema educativo y contribuyendo al desarrollo integral de los estudiantes.<\/p>\n\n\n\n<p>Esta convocatoria representa una gran oportunidad para profesionales apasionados por la ense\u00f1anza, quienes podr\u00e1n convertirse en agentes clave de la transformaci\u00f3n educativa.<\/p>\n\n\n\n<p><strong>Requisitos para los postulantes:<\/strong><\/p>\n\n\n\n<ul class=\"wp-block-list\">\n<li>Formaci\u00f3n acad\u00e9mica: Contar con t\u00edtulo de tercer nivel registrado en la Senescyt.<\/li>\n\n\n\n<li>Situaci\u00f3n laboral: No estar vinculado actualmente al Ministerio de Educaci\u00f3n bajo el r\u00e9gimen LOEI o LOSEP.<\/li>\n\n\n\n<li>Dominio de lengua ancestral: Presentar certificado de biling\u00fcismo que acredite el dominio de una lengua ancestral o dialecto (para vacantes en Instituciones Interculturales Biling\u00fces).<\/li>\n\n\n\n<li>Dominio del idioma ingl\u00e9s: Contar con certificado B2 del MCRE, conforme al art\u00edculo 244 del Reglamento General a la Ley Org\u00e1nica de Educaci\u00f3n Intercultural (para vacantes de ingl\u00e9s).<\/li>\n\n\n\n<li>Cumplimiento normativo: No estar incurso en prohibiciones generales o especiales establecidas en la normativa vigente.<\/li>\n<\/ul>\n\n\n\n<p>Durante este a\u00f1o,&nbsp;<strong>6.785 docentes<\/strong>&nbsp;ya se han incorporado al sistema educativo mediante este mismo mecanismo de selecci\u00f3n, fortaleciendo las aulas y demostrando el impacto de esta pol\u00edtica en el mejoramiento continuo de la calidad educativa.<\/p>\n\n\n\n<p>Con esta iniciativa, el Gobierno Nacional reafirma su compromiso de invertir en el talento humano docente, impulsando el desarrollo profesional de los educadores y asegurando que cada estudiante del Ecuador reciba una ense\u00f1anza inclusiva, equitativa y de excelencia.<\/p>\n\n\n\n<p><\/p>\n","protected":false},"excerpt":{"rendered":"<p>El Gobierno Nacional, mediante el Ministerio de Educaci\u00f3n, Deporte y Cultura, anunci\u00f3 la apertura de 784 nuevas vacantes docentes. Esta decisi\u00f3n consta en el proceso de valorizaci\u00f3n de la carrera educativa y responde a las necesidades prioritarias de las instituciones educativas a nivel nacional.<\/p>\n","protected":false},"author":14,"featured_media":52485,"comment_status":"open","ping_status":"open","sticky":false,"template":"","format":"standard","meta":{"footnotes":""},"categories":[20,83,1],"tags":[23],"class_list":["post-52464","post","type-post","status-publish","format-standard","has-post-thumbnail","hentry","category-portada-2","category-sucesos","category-uncategorized","tag-ecuador"],"_links":{"self":[{"href":"https:\/\/elmercuriomanta.ec\/index.php\/wp-json\/wp\/v2\/posts\/52464","targetHints":{"allow":["GET"]}}],"collection":[{"href":"https:\/\/elmercuriomanta.ec\/index.php\/wp-json\/wp\/v2\/posts"}],"about":[{"href":"https:\/\/elmercuriomanta.ec\/index.php\/wp-json\/wp\/v2\/types\/post"}],"author":[{"embeddable":true,"href":"https:\/\/elmercuriomanta.ec\/index.php\/wp-json\/wp\/v2\/users\/14"}],"replies":[{"embeddable":true,"href":"https:\/\/elmercuriomanta.ec\/index.php\/wp-json\/wp\/v2\/comments?post=52464"}],"version-history":[{"count":1,"href":"https:\/\/elmercuriomanta.ec\/index.php\/wp-json\/wp\/v2\/posts\/52464\/revisions"}],"predecessor-version":[{"id":52486,"href":"https:\/\/elmercuriomanta.ec\/index.php\/wp-json\/wp\/v2\/posts\/52464\/revisions\/52486"}],"wp:featuredmedia":[{"embeddable":true,"href":"https:\/\/elmercuriomanta.ec\/index.php\/wp-json\/wp\/v2\/media\/52485"}],"wp:attachment":[{"href":"https:\/\/elmercuriomanta.ec\/index.php\/wp-json\/wp\/v2\/media?parent=52464"}],"wp:term":[{"taxonomy":"category","embeddable":true,"href":"https:\/\/elmercuriomanta.ec\/index.php\/wp-json\/wp\/v2\/categories?post=52464"},{"taxonomy":"post_tag","embeddable":true,"href":"https:\/\/elmercuriomanta.ec\/index.php\/wp-json\/wp\/v2\/tags?post=52464"}],"curies":[{"name":"wp","href":"https:\/\/api.w.org\/{rel}","templated":true}]}}