{"id":52431,"date":"2025-09-18T15:28:43","date_gmt":"2025-09-18T20:28:43","guid":{"rendered":"https:\/\/elmercuriomanta.ec\/?p=52431"},"modified":"2025-09-18T15:57:51","modified_gmt":"2025-09-18T20:57:51","slug":"conaie-llama-a-paralizar-el-pais-en-rechazo-al-fin-del-subsidio-al-diesel","status":"publish","type":"post","link":"https:\/\/elmercuriomanta.ec\/index.php\/2025\/09\/18\/conaie-llama-a-paralizar-el-pais-en-rechazo-al-fin-del-subsidio-al-diesel\/","title":{"rendered":"CONAI llama a paralizar el pa\u00eds en rechazo al fin del subsidio al di\u00e9sel"},"content":{"rendered":"\n<figure class=\"wp-block-image aligncenter size-large is-resized\"><img fetchpriority=\"high\" decoding=\"async\" width=\"1024\" height=\"565\" src=\"https:\/\/elmercuriomanta.ec\/wp-content\/uploads\/2025\/09\/WhatsApp-Image-2025-09-18-at-15.42.04-1024x565.jpeg\" alt=\"\" class=\"wp-image-52434\" style=\"width:400px;height:auto\" srcset=\"https:\/\/elmercuriomanta.ec\/wp-content\/uploads\/2025\/09\/WhatsApp-Image-2025-09-18-at-15.42.04-1024x565.jpeg 1024w, https:\/\/elmercuriomanta.ec\/wp-content\/uploads\/2025\/09\/WhatsApp-Image-2025-09-18-at-15.42.04-300x166.jpeg 300w, https:\/\/elmercuriomanta.ec\/wp-content\/uploads\/2025\/09\/WhatsApp-Image-2025-09-18-at-15.42.04-768x424.jpeg 768w, https:\/\/elmercuriomanta.ec\/wp-content\/uploads\/2025\/09\/WhatsApp-Image-2025-09-18-at-15.42.04.jpeg 1170w\" sizes=\"(max-width: 1024px) 100vw, 1024px\" \/><\/figure>\n\n\n\n<p>Desde Riobamba, la Confederaci\u00f3n de Nacionalidades Ind\u00edgenas del Ecuador (Conaie) convoc\u00f3 este jueves a un paro nacional inmediato e indefinido en rechazo a la decisi\u00f3n del Gobierno de eliminar el subsidio al di\u00e9sel.<\/p>\n\n\n\n<p>La organizaci\u00f3n ind\u00edgena calific\u00f3 la medida como un golpe directo a los sectores m\u00e1s vulnerables del pa\u00eds y advirti\u00f3 que la movilizaci\u00f3n continuar\u00e1 hasta que el Ejecutivo d\u00e9 marcha atr\u00e1s.<\/p>\n\n\n\n<figure class=\"wp-block-embed is-type-rich is-provider-twitter wp-block-embed-twitter\"><div class=\"wp-block-embed__wrapper\">\n<blockquote class=\"twitter-tweet\" data-width=\"550\" data-dnt=\"true\"><p lang=\"es\" dir=\"ltr\">\u2b55 <a href=\"https:\/\/twitter.com\/hashtag\/URGENTE?src=hash&amp;ref_src=twsrc%5Etfw\">#URGENTE<\/a> | Resoluciones de la Asamblea Extraordinaria de la CONAIE y sus estructuras organizativas. Se convoca a un paro nacional inmediato e indefinido frente a las pol\u00edticas neoliberales de <a href=\"https:\/\/twitter.com\/hashtag\/DanielNoboa?src=hash&amp;ref_src=twsrc%5Etfw\">#DanielNoboa<\/a>. \ud83d\udc47\ud83c\udffe<br>\u00a1Viva el paro nacional!<a href=\"https:\/\/t.co\/1xVtg4gowX\">https:\/\/t.co\/1xVtg4gowX<\/a><a href=\"https:\/\/twitter.com\/hashtag\/CONAIE?src=hash&amp;ref_src=twsrc%5Etfw\">#CONAIE<\/a><\/p>&mdash; CONAIE (@CONAIE_Ecuador) <a href=\"https:\/\/twitter.com\/CONAIE_Ecuador\/status\/1968766451558359493?ref_src=twsrc%5Etfw\">September 18, 2025<\/a><\/blockquote><script async src=\"https:\/\/platform.twitter.com\/widgets.js\" charset=\"utf-8\"><\/script>\n<\/div><\/figure>\n\n\n\n<p>El anuncio se realiz\u00f3 en medio de concentraciones en distintas comunidades, donde l\u00edderes gremiales e ind\u00edgenas coincidieron en que el incremento del precio del combustible impactar\u00e1 de forma directa en el transporte, la producci\u00f3n agr\u00edcola y el costo de vida de los ecuatorianos.<\/p>\n\n\n\n<p>Hasta el cierre de esta edici\u00f3n, las autoridades no se hab\u00edan pronunciado oficialmente sobre la convocatoria.<\/p>\n","protected":false},"excerpt":{"rendered":"<p>Desde Riobamba, la Confederaci\u00f3n de Nacionalidades Ind\u00edgenas del Ecuador (Conaie) convoc\u00f3 este jueves a un paro nacional inmediato e indefinido en rechazo a la decisi\u00f3n del Gobierno de eliminar el subsidio al di\u00e9sel.<\/p>\n","protected":false},"author":14,"featured_media":52434,"comment_status":"open","ping_status":"open","sticky":false,"template":"","format":"standard","meta":{"footnotes":""},"categories":[20,83,1],"tags":[23],"class_list":["post-52431","post","type-post","status-publish","format-standard","has-post-thumbnail","hentry","category-portada-2","category-sucesos","category-uncategorized","tag-ecuador"],"_links":{"self":[{"href":"https:\/\/elmercuriomanta.ec\/index.php\/wp-json\/wp\/v2\/posts\/52431","targetHints":{"allow":["GET"]}}],"collection":[{"href":"https:\/\/elmercuriomanta.ec\/index.php\/wp-json\/wp\/v2\/posts"}],"about":[{"href":"https:\/\/elmercuriomanta.ec\/index.php\/wp-json\/wp\/v2\/types\/post"}],"author":[{"embeddable":true,"href":"https:\/\/elmercuriomanta.ec\/index.php\/wp-json\/wp\/v2\/users\/14"}],"replies":[{"embeddable":true,"href":"https:\/\/elmercuriomanta.ec\/index.php\/wp-json\/wp\/v2\/comments?post=52431"}],"version-history":[{"count":3,"href":"https:\/\/elmercuriomanta.ec\/index.php\/wp-json\/wp\/v2\/posts\/52431\/revisions"}],"predecessor-version":[{"id":52435,"href":"https:\/\/elmercuriomanta.ec\/index.php\/wp-json\/wp\/v2\/posts\/52431\/revisions\/52435"}],"wp:featuredmedia":[{"embeddable":true,"href":"https:\/\/elmercuriomanta.ec\/index.php\/wp-json\/wp\/v2\/media\/52434"}],"wp:attachment":[{"href":"https:\/\/elmercuriomanta.ec\/index.php\/wp-json\/wp\/v2\/media?parent=52431"}],"wp:term":[{"taxonomy":"category","embeddable":true,"href":"https:\/\/elmercuriomanta.ec\/index.php\/wp-json\/wp\/v2\/categories?post=52431"},{"taxonomy":"post_tag","embeddable":true,"href":"https:\/\/elmercuriomanta.ec\/index.php\/wp-json\/wp\/v2\/tags?post=52431"}],"curies":[{"name":"wp","href":"https:\/\/api.w.org\/{rel}","templated":true}]}}