{"id":52381,"date":"2025-09-17T16:38:36","date_gmt":"2025-09-17T21:38:36","guid":{"rendered":"https:\/\/elmercuriomanta.ec\/?p=52381"},"modified":"2025-09-17T16:46:56","modified_gmt":"2025-09-17T21:46:56","slug":"gloria-para-ecuador-genesis-reasco-se-corona-campeona-mundial-de-lucha","status":"publish","type":"post","link":"https:\/\/elmercuriomanta.ec\/index.php\/2025\/09\/17\/gloria-para-ecuador-genesis-reasco-se-corona-campeona-mundial-de-lucha\/","title":{"rendered":"\u00a1Gloria para Ecuador! G\u00e9nesis Reasco se corona campeona mundial de lucha"},"content":{"rendered":"\n<figure class=\"wp-block-image aligncenter size-large is-resized\"><img fetchpriority=\"high\" decoding=\"async\" width=\"1024\" height=\"687\" src=\"https:\/\/elmercuriomanta.ec\/wp-content\/uploads\/2025\/09\/image-180-1024x687.png\" alt=\"\" class=\"wp-image-52384\" style=\"width:309px;height:auto\" srcset=\"https:\/\/elmercuriomanta.ec\/wp-content\/uploads\/2025\/09\/image-180-1024x687.png 1024w, https:\/\/elmercuriomanta.ec\/wp-content\/uploads\/2025\/09\/image-180-300x201.png 300w, https:\/\/elmercuriomanta.ec\/wp-content\/uploads\/2025\/09\/image-180-768x516.png 768w, https:\/\/elmercuriomanta.ec\/wp-content\/uploads\/2025\/09\/image-180.png 1497w\" sizes=\"(max-width: 1024px) 100vw, 1024px\" \/><\/figure>\n\n\n\n<p>La tarde del mi\u00e9rcoles 17 de septiembre qued\u00f3 marcada en la historia del deporte ecuatoriano: G\u00e9nesis Reasco se proclam\u00f3 campeona mundial de lucha, tras imponerse en la final a la n\u00famero uno del ranking, Aiperi Medet, con un marcador de 4-2.<\/p>\n\n\n\n<p>Aunque este triunfo es hist\u00f3rico, no es la primera vez que la manabita alcanza la gloria en la lucha libre. Su carrera est\u00e1 respaldada por una amplia trayectoria internacional, que incluye incluso un diploma ol\u00edmpico.<\/p>\n\n\n\n<p><strong>\u00bfQui\u00e9n es G\u00e9nesis Reasco?<\/strong><\/p>\n\n\n\n<p>G\u00e9nesis Ros\u00e1ngela Reasco Valdez naci\u00f3 el 18 de julio de 1998 en Portoviejo, Manab\u00ed. A los 15 a\u00f1os se traslad\u00f3 a Esmeraldas cargada de sue\u00f1os deportivos. En sus inicios prob\u00f3 distintas disciplinas, como el b\u00e1squet, pero su entrenador la encamin\u00f3 hacia la lucha, disciplina que se convertir\u00eda en su gran pasi\u00f3n y la catapultar\u00eda como una de las mayores promesas de este deporte en el pa\u00eds.<\/p>\n\n\n\n<p>Su carrera internacional comenz\u00f3 a despegar en 2019, cuando particip\u00f3 en los Juegos Panamericanos de Lima en la categor\u00eda de 76 kg, obteniendo tambi\u00e9n el segundo lugar en el Campeonato Panamericano de Lucha de ese mismo a\u00f1o.<\/p>\n\n\n\n<p>En 2020 busc\u00f3 su clasificaci\u00f3n a los Juegos Ol\u00edmpicos de Tokio, aunque no logr\u00f3 el cupo ni en el torneo de Ottawa, Canad\u00e1, ni en el clasificatorio mundial de Sof\u00eda, Bulgaria. Aun as\u00ed, en 2021 sum\u00f3 la medalla de plata en el Panamericano de Lucha Libre en Guatemala.<\/p>\n\n\n\n<p>Un a\u00f1o despu\u00e9s, alcanz\u00f3 su primer oro en los Juegos Suramericanos de Asunci\u00f3n 2022, al vencer a la venezolana Mar\u00eda Acosta. Luego, en 2023, a\u00f1adi\u00f3 bronces tanto en el Campeonato Panamericano como en los Juegos Panamericanos de Santiago, Chile.<\/p>\n\n\n\n<p>En 2024 consolid\u00f3 su nivel al ganar el oro en el Panamericano de Acapulco al derrotar a la colombiana Tatiana Renter\u00eda, y m\u00e1s tarde consigui\u00f3 la clasificaci\u00f3n a los Juegos Ol\u00edmpicos de Par\u00eds, donde obtuvo un diploma por el quinto lugar.<\/p>\n\n\n\n<p>Hoy, con su t\u00edtulo mundial, G\u00e9nesis Reasco confirma que es una de las deportistas m\u00e1s brillantes y consistentes del Ecuador.<\/p>\n","protected":false},"excerpt":{"rendered":"<p>La tarde del mi\u00e9rcoles 17 de septiembre qued\u00f3 marcada en la historia del deporte ecuatoriano: G\u00e9nesis Reasco se proclam\u00f3 campeona mundial de lucha, tras imponerse en la final a la n\u00famero uno del ranking, Aiperi Medet, con un marcador de 4-2.<\/p>\n","protected":false},"author":14,"featured_media":52384,"comment_status":"open","ping_status":"open","sticky":false,"template":"","format":"standard","meta":{"footnotes":""},"categories":[9,1],"tags":[14],"class_list":["post-52381","post","type-post","status-publish","format-standard","has-post-thumbnail","hentry","category-deportes","category-uncategorized","tag-deportes"],"_links":{"self":[{"href":"https:\/\/elmercuriomanta.ec\/index.php\/wp-json\/wp\/v2\/posts\/52381","targetHints":{"allow":["GET"]}}],"collection":[{"href":"https:\/\/elmercuriomanta.ec\/index.php\/wp-json\/wp\/v2\/posts"}],"about":[{"href":"https:\/\/elmercuriomanta.ec\/index.php\/wp-json\/wp\/v2\/types\/post"}],"author":[{"embeddable":true,"href":"https:\/\/elmercuriomanta.ec\/index.php\/wp-json\/wp\/v2\/users\/14"}],"replies":[{"embeddable":true,"href":"https:\/\/elmercuriomanta.ec\/index.php\/wp-json\/wp\/v2\/comments?post=52381"}],"version-history":[{"count":2,"href":"https:\/\/elmercuriomanta.ec\/index.php\/wp-json\/wp\/v2\/posts\/52381\/revisions"}],"predecessor-version":[{"id":52385,"href":"https:\/\/elmercuriomanta.ec\/index.php\/wp-json\/wp\/v2\/posts\/52381\/revisions\/52385"}],"wp:featuredmedia":[{"embeddable":true,"href":"https:\/\/elmercuriomanta.ec\/index.php\/wp-json\/wp\/v2\/media\/52384"}],"wp:attachment":[{"href":"https:\/\/elmercuriomanta.ec\/index.php\/wp-json\/wp\/v2\/media?parent=52381"}],"wp:term":[{"taxonomy":"category","embeddable":true,"href":"https:\/\/elmercuriomanta.ec\/index.php\/wp-json\/wp\/v2\/categories?post=52381"},{"taxonomy":"post_tag","embeddable":true,"href":"https:\/\/elmercuriomanta.ec\/index.php\/wp-json\/wp\/v2\/tags?post=52381"}],"curies":[{"name":"wp","href":"https:\/\/api.w.org\/{rel}","templated":true}]}}