{"id":52348,"date":"2025-09-17T11:59:16","date_gmt":"2025-09-17T16:59:16","guid":{"rendered":"https:\/\/elmercuriomanta.ec\/?p=52348"},"modified":"2025-09-17T11:59:16","modified_gmt":"2025-09-17T16:59:16","slug":"espana-vive-el-verano-mas-calido-jamas-registrado","status":"publish","type":"post","link":"https:\/\/elmercuriomanta.ec\/index.php\/2025\/09\/17\/espana-vive-el-verano-mas-calido-jamas-registrado\/","title":{"rendered":"Espa\u00f1a vive el verano m\u00e1s c\u00e1lido jam\u00e1s registrado"},"content":{"rendered":"\n<figure class=\"wp-block-image aligncenter size-full is-resized\"><img fetchpriority=\"high\" decoding=\"async\" width=\"988\" height=\"743\" src=\"https:\/\/elmercuriomanta.ec\/wp-content\/uploads\/2025\/09\/68c9df337ec81.jpeg\" alt=\"\" class=\"wp-image-52349\" style=\"width:447px;height:auto\" srcset=\"https:\/\/elmercuriomanta.ec\/wp-content\/uploads\/2025\/09\/68c9df337ec81.jpeg 988w, https:\/\/elmercuriomanta.ec\/wp-content\/uploads\/2025\/09\/68c9df337ec81-300x226.jpeg 300w, https:\/\/elmercuriomanta.ec\/wp-content\/uploads\/2025\/09\/68c9df337ec81-768x578.jpeg 768w\" sizes=\"(max-width: 988px) 100vw, 988px\" \/><\/figure>\n\n\n\n<p>Espa\u00f1a vivi\u00f3 su verano m\u00e1s caluroso jam\u00e1s registrado, con una temperatura media de 24,2\u00baC, superando el verano de 2022 que ostentaba el r\u00e9cord hasta ahora, inform\u00f3 este martes 16 de septiembre de 2025, la agencia estatal de meteorolog\u00eda Aemet.&nbsp;<\/p>\n\n\n\n<p>\u00abSe ha tratado del verano m\u00e1s c\u00e1lido de la serie hist\u00f3rica\u00bb, que comenz\u00f3 en 1961, indic\u00f3 en rueda de prensa el portavoz de la Aemet, Rub\u00e9n del Campo. Este verano super\u00f3 en 0,1 \u00baC al de 2022, explic\u00f3 el portavoz.<\/p>\n\n\n\n<p>Espa\u00f1a, pa\u00eds europeo en primera l\u00ednea del cambio clim\u00e1tico, muestra la \u00abtendencia a veranos mucho m\u00e1s c\u00e1lidos\u00bb, se\u00f1al\u00f3 Del Campo, quien detall\u00f3 que nueve de los diez est\u00edos m\u00e1s c\u00e1lidos desde que hay registros han ocurrido en lo que va de siglo.<\/p>\n\n\n\n<p>El verano incluy\u00f3 un mes de junio que fue \u00abbrutal\u00bb en cuanto a temperaturas, el mes con la \u00abdesviaci\u00f3n\u00bb m\u00e1s marcada de toda la serie desde 1961, con 3,6 \u00baC por encima de lo normal, explic\u00f3.<\/p>\n\n\n\n<p>Tras un mes de julio que dio un respiro, agosto \u00abnuevamente fue un mes extremadamente c\u00e1lido\u00bb, que igual\u00f3 al del a\u00f1o 2024 como el m\u00e1s caliente desde que hay registros, indic\u00f3.<\/p>\n","protected":false},"excerpt":{"rendered":"<p>Espa\u00f1a vivi\u00f3 su verano m\u00e1s caluroso jam\u00e1s registrado, con una temperatura media de 24,2\u00baC, superando el verano de 2022 que ostentaba el r\u00e9cord hasta ahora, inform\u00f3 este martes 16 de septiembre de 2025, la agencia estatal de meteorolog\u00eda Aemet.<\/p>\n","protected":false},"author":14,"featured_media":52349,"comment_status":"open","ping_status":"open","sticky":false,"template":"","format":"standard","meta":{"footnotes":""},"categories":[8],"tags":[42],"class_list":["post-52348","post","type-post","status-publish","format-standard","has-post-thumbnail","hentry","category-internacional","tag-internacional"],"_links":{"self":[{"href":"https:\/\/elmercuriomanta.ec\/index.php\/wp-json\/wp\/v2\/posts\/52348","targetHints":{"allow":["GET"]}}],"collection":[{"href":"https:\/\/elmercuriomanta.ec\/index.php\/wp-json\/wp\/v2\/posts"}],"about":[{"href":"https:\/\/elmercuriomanta.ec\/index.php\/wp-json\/wp\/v2\/types\/post"}],"author":[{"embeddable":true,"href":"https:\/\/elmercuriomanta.ec\/index.php\/wp-json\/wp\/v2\/users\/14"}],"replies":[{"embeddable":true,"href":"https:\/\/elmercuriomanta.ec\/index.php\/wp-json\/wp\/v2\/comments?post=52348"}],"version-history":[{"count":1,"href":"https:\/\/elmercuriomanta.ec\/index.php\/wp-json\/wp\/v2\/posts\/52348\/revisions"}],"predecessor-version":[{"id":52350,"href":"https:\/\/elmercuriomanta.ec\/index.php\/wp-json\/wp\/v2\/posts\/52348\/revisions\/52350"}],"wp:featuredmedia":[{"embeddable":true,"href":"https:\/\/elmercuriomanta.ec\/index.php\/wp-json\/wp\/v2\/media\/52349"}],"wp:attachment":[{"href":"https:\/\/elmercuriomanta.ec\/index.php\/wp-json\/wp\/v2\/media?parent=52348"}],"wp:term":[{"taxonomy":"category","embeddable":true,"href":"https:\/\/elmercuriomanta.ec\/index.php\/wp-json\/wp\/v2\/categories?post=52348"},{"taxonomy":"post_tag","embeddable":true,"href":"https:\/\/elmercuriomanta.ec\/index.php\/wp-json\/wp\/v2\/tags?post=52348"}],"curies":[{"name":"wp","href":"https:\/\/api.w.org\/{rel}","templated":true}]}}