{"id":52340,"date":"2025-09-17T11:19:46","date_gmt":"2025-09-17T16:19:46","guid":{"rendered":"https:\/\/elmercuriomanta.ec\/?p=52340"},"modified":"2025-09-17T11:19:46","modified_gmt":"2025-09-17T16:19:46","slug":"donald-trump-demando-al-new-york-times-por-15-mil-millones-de-dolares","status":"publish","type":"post","link":"https:\/\/elmercuriomanta.ec\/index.php\/2025\/09\/17\/donald-trump-demando-al-new-york-times-por-15-mil-millones-de-dolares\/","title":{"rendered":"Donald Trump demand\u00f3 al New York Times por 15 mil millones de d\u00f3lares"},"content":{"rendered":"\n<figure class=\"wp-block-image aligncenter size-large is-resized\"><img fetchpriority=\"high\" decoding=\"async\" width=\"1024\" height=\"683\" src=\"https:\/\/elmercuriomanta.ec\/wp-content\/uploads\/2025\/09\/donald-trump-nyt-hq_1200_800-1024x683.webp\" alt=\"\" class=\"wp-image-52341\" style=\"width:483px;height:auto\" srcset=\"https:\/\/elmercuriomanta.ec\/wp-content\/uploads\/2025\/09\/donald-trump-nyt-hq_1200_800-1024x683.webp 1024w, https:\/\/elmercuriomanta.ec\/wp-content\/uploads\/2025\/09\/donald-trump-nyt-hq_1200_800-300x200.webp 300w, https:\/\/elmercuriomanta.ec\/wp-content\/uploads\/2025\/09\/donald-trump-nyt-hq_1200_800-768x512.webp 768w, https:\/\/elmercuriomanta.ec\/wp-content\/uploads\/2025\/09\/donald-trump-nyt-hq_1200_800.webp 1200w\" sizes=\"(max-width: 1024px) 100vw, 1024px\" \/><\/figure>\n\n\n\n<p>El presidente de Estados Unidos, Donald Trump, present\u00f3 el 16 de septiembre de 2025 una demanda por difamaci\u00f3n y libelo contra el diario The New York Times y cuatro de sus periodistas, exigiendo una compensaci\u00f3n de $15.000 millones.<\/p>\n\n\n\n<p>La acci\u00f3n legal fue interpuesta ante el tribunal federal del Distrito Medio de Florida, y representa uno de los litigios m\u00e1s agresivos del mandatario contra medios de comunicaci\u00f3n desde que asumi\u00f3 nuevamente la presidencia.<\/p>\n\n\n\n<p>En su publicaci\u00f3n en la red Truth Social, Trump calific\u00f3 al peri\u00f3dico como \u201cuno de los peores y m\u00e1s degenerados de la historia del pa\u00eds\u201d y lo acus\u00f3 de convertirse en un \u201cportavoz virtual del Partido Dem\u00f3crata de izquierda radical\u201d.<\/p>\n\n\n\n<p>Seg\u00fan el mandatario, los art\u00edculos publicados por el Times constituyen \u201cla mayor contribuci\u00f3n ilegal a una campa\u00f1a electoral jam\u00e1s registrada\u201d, en referencia al respaldo editorial que el medio habr\u00eda dado a su rival, la vicepresidenta Kamala Harris, durante las elecciones de 2024.<\/p>\n","protected":false},"excerpt":{"rendered":"<p>El presidente de Estados Unidos, Donald Trump, present\u00f3 el 16 de septiembre de 2025 una demanda por difamaci\u00f3n y libelo contra el diario The New York Times y cuatro de sus periodistas, exigiendo una compensaci\u00f3n de $15.000 millones.<\/p>\n<p>La acci\u00f3n legal fue interpuesta ante el tribunal federal del Distrito Medio de Florida, y representa uno de los litigios m\u00e1s agresivos del mandatario contra medios de comunicaci\u00f3n desde que asumi\u00f3 nuevamente la presidencia.<\/p>\n","protected":false},"author":14,"featured_media":52341,"comment_status":"open","ping_status":"open","sticky":false,"template":"","format":"standard","meta":{"footnotes":""},"categories":[8],"tags":[42],"class_list":["post-52340","post","type-post","status-publish","format-standard","has-post-thumbnail","hentry","category-internacional","tag-internacional"],"_links":{"self":[{"href":"https:\/\/elmercuriomanta.ec\/index.php\/wp-json\/wp\/v2\/posts\/52340","targetHints":{"allow":["GET"]}}],"collection":[{"href":"https:\/\/elmercuriomanta.ec\/index.php\/wp-json\/wp\/v2\/posts"}],"about":[{"href":"https:\/\/elmercuriomanta.ec\/index.php\/wp-json\/wp\/v2\/types\/post"}],"author":[{"embeddable":true,"href":"https:\/\/elmercuriomanta.ec\/index.php\/wp-json\/wp\/v2\/users\/14"}],"replies":[{"embeddable":true,"href":"https:\/\/elmercuriomanta.ec\/index.php\/wp-json\/wp\/v2\/comments?post=52340"}],"version-history":[{"count":1,"href":"https:\/\/elmercuriomanta.ec\/index.php\/wp-json\/wp\/v2\/posts\/52340\/revisions"}],"predecessor-version":[{"id":52342,"href":"https:\/\/elmercuriomanta.ec\/index.php\/wp-json\/wp\/v2\/posts\/52340\/revisions\/52342"}],"wp:featuredmedia":[{"embeddable":true,"href":"https:\/\/elmercuriomanta.ec\/index.php\/wp-json\/wp\/v2\/media\/52341"}],"wp:attachment":[{"href":"https:\/\/elmercuriomanta.ec\/index.php\/wp-json\/wp\/v2\/media?parent=52340"}],"wp:term":[{"taxonomy":"category","embeddable":true,"href":"https:\/\/elmercuriomanta.ec\/index.php\/wp-json\/wp\/v2\/categories?post=52340"},{"taxonomy":"post_tag","embeddable":true,"href":"https:\/\/elmercuriomanta.ec\/index.php\/wp-json\/wp\/v2\/tags?post=52340"}],"curies":[{"name":"wp","href":"https:\/\/api.w.org\/{rel}","templated":true}]}}