{"id":52313,"date":"2025-09-16T17:42:11","date_gmt":"2025-09-16T22:42:11","guid":{"rendered":"https:\/\/elmercuriomanta.ec\/?p=52313"},"modified":"2025-09-16T17:54:45","modified_gmt":"2025-09-16T22:54:45","slug":"el-tuit-que-petro-borro-anunciaba-la-nacionalidad-colombiana-de-jorge-glas","status":"publish","type":"post","link":"https:\/\/elmercuriomanta.ec\/index.php\/2025\/09\/16\/el-tuit-que-petro-borro-anunciaba-la-nacionalidad-colombiana-de-jorge-glas\/","title":{"rendered":"El tuit que Petro borr\u00f3: anunciaba la nacionalidad colombiana de Jorge Glas"},"content":{"rendered":"\n<figure class=\"wp-block-image aligncenter size-large is-resized\"><img fetchpriority=\"high\" decoding=\"async\" width=\"1024\" height=\"576\" src=\"https:\/\/elmercuriomanta.ec\/wp-content\/uploads\/2025\/09\/image-173-1024x576.png\" alt=\"\" class=\"wp-image-52316\" style=\"width:316px;height:auto\" srcset=\"https:\/\/elmercuriomanta.ec\/wp-content\/uploads\/2025\/09\/image-173-1024x576.png 1024w, https:\/\/elmercuriomanta.ec\/wp-content\/uploads\/2025\/09\/image-173-300x169.png 300w, https:\/\/elmercuriomanta.ec\/wp-content\/uploads\/2025\/09\/image-173-768x432.png 768w, https:\/\/elmercuriomanta.ec\/wp-content\/uploads\/2025\/09\/image-173.png 1200w\" sizes=\"(max-width: 1024px) 100vw, 1024px\" \/><\/figure>\n\n\n\n<p>El presidente de Colombia, Gustavo Petro, elimin\u00f3 de su cuenta de \u00abX\u00bb el mensaje en el que anunciaba que Jorge Glas, exvicepresidente de Ecuador, habr\u00eda recibido la nacionalidad colombiana.<\/p>\n\n\n\n<p><\/p>\n\n\n\n<p>En la captura del mensaje eliminado se pod\u00eda leer el anuncio que gener\u00f3 sorpresa y cuestionamientos en redes sociales y medios de comunicaci\u00f3n de ambos pa\u00edses.<\/p>\n\n\n\n<p>La situaci\u00f3n ha generado un nuevo cap\u00edtulo de pol\u00e9mica entre Ecuador y Colombia, y ha puesto nuevamente en el foco la figura de Jorge Glas, quien mantiene su nacionalidad ecuatoriana.<\/p>\n","protected":false},"excerpt":{"rendered":"<p>El presidente de Colombia, Gustavo Petro, elimin\u00f3 de su cuenta de \u00abX\u00bb el mensaje en el que anunciaba que Jorge Glas, exvicepresidente de Ecuador, habr\u00eda recibido la nacionalidad colombiana.<\/p>\n","protected":false},"author":14,"featured_media":52316,"comment_status":"open","ping_status":"open","sticky":false,"template":"","format":"standard","meta":{"footnotes":""},"categories":[8,1],"tags":[42],"class_list":["post-52313","post","type-post","status-publish","format-standard","has-post-thumbnail","hentry","category-internacional","category-uncategorized","tag-internacional"],"_links":{"self":[{"href":"https:\/\/elmercuriomanta.ec\/index.php\/wp-json\/wp\/v2\/posts\/52313","targetHints":{"allow":["GET"]}}],"collection":[{"href":"https:\/\/elmercuriomanta.ec\/index.php\/wp-json\/wp\/v2\/posts"}],"about":[{"href":"https:\/\/elmercuriomanta.ec\/index.php\/wp-json\/wp\/v2\/types\/post"}],"author":[{"embeddable":true,"href":"https:\/\/elmercuriomanta.ec\/index.php\/wp-json\/wp\/v2\/users\/14"}],"replies":[{"embeddable":true,"href":"https:\/\/elmercuriomanta.ec\/index.php\/wp-json\/wp\/v2\/comments?post=52313"}],"version-history":[{"count":3,"href":"https:\/\/elmercuriomanta.ec\/index.php\/wp-json\/wp\/v2\/posts\/52313\/revisions"}],"predecessor-version":[{"id":52317,"href":"https:\/\/elmercuriomanta.ec\/index.php\/wp-json\/wp\/v2\/posts\/52313\/revisions\/52317"}],"wp:featuredmedia":[{"embeddable":true,"href":"https:\/\/elmercuriomanta.ec\/index.php\/wp-json\/wp\/v2\/media\/52316"}],"wp:attachment":[{"href":"https:\/\/elmercuriomanta.ec\/index.php\/wp-json\/wp\/v2\/media?parent=52313"}],"wp:term":[{"taxonomy":"category","embeddable":true,"href":"https:\/\/elmercuriomanta.ec\/index.php\/wp-json\/wp\/v2\/categories?post=52313"},{"taxonomy":"post_tag","embeddable":true,"href":"https:\/\/elmercuriomanta.ec\/index.php\/wp-json\/wp\/v2\/tags?post=52313"}],"curies":[{"name":"wp","href":"https:\/\/api.w.org\/{rel}","templated":true}]}}