{"id":52217,"date":"2025-09-15T16:44:05","date_gmt":"2025-09-15T21:44:05","guid":{"rendered":"https:\/\/elmercuriomanta.ec\/?p=52217"},"modified":"2025-09-15T16:48:07","modified_gmt":"2025-09-15T21:48:07","slug":"gobierno-y-transportistas-pactan-fin-al-bloqueo-en-la-panamericana-sur","status":"publish","type":"post","link":"https:\/\/elmercuriomanta.ec\/index.php\/2025\/09\/15\/gobierno-y-transportistas-pactan-fin-al-bloqueo-en-la-panamericana-sur\/","title":{"rendered":"Gobierno y transportistas pactan: fin al bloqueo en la Panamericana Sur"},"content":{"rendered":"\n<figure class=\"wp-block-image aligncenter size-large is-resized\"><img fetchpriority=\"high\" decoding=\"async\" width=\"1024\" height=\"765\" src=\"https:\/\/elmercuriomanta.ec\/wp-content\/uploads\/2025\/09\/image-162-1024x765.png\" alt=\"\" class=\"wp-image-52220\" style=\"width:529px;height:auto\" srcset=\"https:\/\/elmercuriomanta.ec\/wp-content\/uploads\/2025\/09\/image-162-1024x765.png 1024w, https:\/\/elmercuriomanta.ec\/wp-content\/uploads\/2025\/09\/image-162-300x224.png 300w, https:\/\/elmercuriomanta.ec\/wp-content\/uploads\/2025\/09\/image-162-768x574.png 768w, https:\/\/elmercuriomanta.ec\/wp-content\/uploads\/2025\/09\/image-162.png 1080w\" sizes=\"(max-width: 1024px) 100vw, 1024px\" \/><\/figure>\n\n\n\n<p>La v\u00eda Panamericana Sur, a la altura de Al\u00f3ag, fue reabierta este lunes tras un acuerdo entre el Gobierno y representantes del transporte pesado.<\/p>\n\n\n\n<p>Los ministros del Interior, Jhon Reimberg, y de Defensa, Jeancarlo Lofredo, encabezaron el di\u00e1logo con los dirigentes que manten\u00edan bloqueada la carretera como medida de presi\u00f3n frente al alza del di\u00e9sel.<\/p>\n\n\n\n<p>Luego de varias horas de negociaci\u00f3n, se alcanz\u00f3 un consenso que permiti\u00f3 habilitar el tr\u00e1nsito vehicular en uno de los principales accesos a la capital. El Gobierno reiter\u00f3 su disposici\u00f3n al di\u00e1logo para evitar que las manifestaciones afecten la movilidad ciudadana y el transporte de productos.<\/p>\n\n\n\n<p>Los transportistas, por su parte, se\u00f1alaron que mantendr\u00e1n las mesas de trabajo con el Ejecutivo en busca de soluciones concretas, pero advirtieron que se reservan el derecho a retomar medidas si no se cumplen los compromisos.<\/p>\n\n\n\n<p><\/p>\n","protected":false},"excerpt":{"rendered":"<p>La v\u00eda Panamericana Sur, a la altura de Al\u00f3ag, fue reabierta este lunes tras un acuerdo entre el Gobierno y representantes del transporte pesado.<\/p>\n","protected":false},"author":14,"featured_media":52220,"comment_status":"open","ping_status":"open","sticky":false,"template":"","format":"standard","meta":{"footnotes":""},"categories":[20,83,1],"tags":[23],"class_list":["post-52217","post","type-post","status-publish","format-standard","has-post-thumbnail","hentry","category-portada-2","category-sucesos","category-uncategorized","tag-ecuador"],"_links":{"self":[{"href":"https:\/\/elmercuriomanta.ec\/index.php\/wp-json\/wp\/v2\/posts\/52217","targetHints":{"allow":["GET"]}}],"collection":[{"href":"https:\/\/elmercuriomanta.ec\/index.php\/wp-json\/wp\/v2\/posts"}],"about":[{"href":"https:\/\/elmercuriomanta.ec\/index.php\/wp-json\/wp\/v2\/types\/post"}],"author":[{"embeddable":true,"href":"https:\/\/elmercuriomanta.ec\/index.php\/wp-json\/wp\/v2\/users\/14"}],"replies":[{"embeddable":true,"href":"https:\/\/elmercuriomanta.ec\/index.php\/wp-json\/wp\/v2\/comments?post=52217"}],"version-history":[{"count":2,"href":"https:\/\/elmercuriomanta.ec\/index.php\/wp-json\/wp\/v2\/posts\/52217\/revisions"}],"predecessor-version":[{"id":52221,"href":"https:\/\/elmercuriomanta.ec\/index.php\/wp-json\/wp\/v2\/posts\/52217\/revisions\/52221"}],"wp:featuredmedia":[{"embeddable":true,"href":"https:\/\/elmercuriomanta.ec\/index.php\/wp-json\/wp\/v2\/media\/52220"}],"wp:attachment":[{"href":"https:\/\/elmercuriomanta.ec\/index.php\/wp-json\/wp\/v2\/media?parent=52217"}],"wp:term":[{"taxonomy":"category","embeddable":true,"href":"https:\/\/elmercuriomanta.ec\/index.php\/wp-json\/wp\/v2\/categories?post=52217"},{"taxonomy":"post_tag","embeddable":true,"href":"https:\/\/elmercuriomanta.ec\/index.php\/wp-json\/wp\/v2\/tags?post=52217"}],"curies":[{"name":"wp","href":"https:\/\/api.w.org\/{rel}","templated":true}]}}