{"id":52203,"date":"2025-09-15T14:40:44","date_gmt":"2025-09-15T19:40:44","guid":{"rendered":"https:\/\/elmercuriomanta.ec\/?p=52203"},"modified":"2025-09-15T14:46:59","modified_gmt":"2025-09-15T19:46:59","slug":"transportistas-de-carga-pesada-en-manabi-inician-movilizacion-indefinida-por-alza-del-diesel","status":"publish","type":"post","link":"https:\/\/elmercuriomanta.ec\/index.php\/2025\/09\/15\/transportistas-de-carga-pesada-en-manabi-inician-movilizacion-indefinida-por-alza-del-diesel\/","title":{"rendered":"Transportistas de carga pesada en Manab\u00ed inician movilizaci\u00f3n indefinida por alza del di\u00e9sel"},"content":{"rendered":"\n<figure class=\"wp-block-image aligncenter size-large is-resized\"><img fetchpriority=\"high\" decoding=\"async\" width=\"1024\" height=\"576\" src=\"https:\/\/elmercuriomanta.ec\/wp-content\/uploads\/2025\/09\/2RBZRLV64ZAXVE4IGGTHLYKOVA-1024x576.avif\" alt=\"\" class=\"wp-image-52207\" style=\"width:563px;height:auto\" srcset=\"https:\/\/elmercuriomanta.ec\/wp-content\/uploads\/2025\/09\/2RBZRLV64ZAXVE4IGGTHLYKOVA-1024x576.avif 1024w, https:\/\/elmercuriomanta.ec\/wp-content\/uploads\/2025\/09\/2RBZRLV64ZAXVE4IGGTHLYKOVA-300x169.avif 300w, https:\/\/elmercuriomanta.ec\/wp-content\/uploads\/2025\/09\/2RBZRLV64ZAXVE4IGGTHLYKOVA-768x432.avif 768w, https:\/\/elmercuriomanta.ec\/wp-content\/uploads\/2025\/09\/2RBZRLV64ZAXVE4IGGTHLYKOVA-1536x864.avif 1536w, https:\/\/elmercuriomanta.ec\/wp-content\/uploads\/2025\/09\/2RBZRLV64ZAXVE4IGGTHLYKOVA.avif 1600w\" sizes=\"(max-width: 1024px) 100vw, 1024px\" \/><\/figure>\n\n\n\n<p>Los transportistas de carga pesada en Manab\u00ed se alistan para intensificar sus protestas. Este lunes, desde las 15:00, se realizar\u00e1 un cierre parcial de varias v\u00edas de la provincia, comenzando con una concentraci\u00f3n en Montecristi, inform\u00f3 \u00c1lex Ayala, presidente nacional de la C\u00e1mara Ecuatoriana de Transportistas Pesados.<\/p>\n\n\n\n<p>La medida surge en el marco de las manifestaciones nacionales por el aumento del precio del gal\u00f3n de di\u00e9sel, que pas\u00f3 de $1,797 a $2,80, lo que representa un incremento de m\u00e1s del 55% (e incluso hasta 65%, seg\u00fan los afectados).<\/p>\n\n\n\n<p>El incremento, vigente desde el s\u00e1bado 13 de septiembre, ha generado rechazo en diversos sectores, especialmente en el transporte de carga, que no fue incluido en las compensaciones econ\u00f3micas ofrecidas por el Gobierno, se\u00f1al\u00f3 Ayala. Mientras que en provincias como Carchi se reportaron cierres de v\u00edas desde la madrugada de este lunes, y en Pichincha se suspendi\u00f3 el paro tras acuerdos preliminares, en Manab\u00ed el gremio opta por una movilizaci\u00f3n indefinida para exigir soluciones claras. Seg\u00fan Ayala, la decisi\u00f3n se tom\u00f3 ante la incertidumbre sobre las compensaciones gubernamentales: \u201cMuchos compa\u00f1eros intentan acceder al link que ofrece el Ministerio para calificar a las ayudas, y resulta que el transporte de carga pesada est\u00e1 excluido\u201d, indic\u00f3.<\/p>\n\n\n\n<p>La protesta, que se mantendr\u00e1 de manera indefinida, iniciar\u00e1 con una reuni\u00f3n a las 14:00 en Montecristi, seguida del cierre parcial de v\u00edas, y abarcar\u00e1 toda la provincia, no solo Portoviejo.<\/p>\n\n\n\n<p>En Manab\u00ed operan alrededor de 8.000 transportistas de carga pesada, dentro de un total nacional de 280.000 afiliados. Ayala destac\u00f3 la diversidad de modalidades de transporte \u2014carga suelta, l\u00edquida, granel, ensacada y por toneladas\u2014, lo que dificulta la focalizaci\u00f3n de los apoyos.<\/p>\n\n\n\n<p>El Gobierno propuso un bono de entre $400 y $1.000 mensuales para ciertos sectores. Adem\u00e1s del incremento del di\u00e9sel, Ayala advirti\u00f3 sobre consecuencias adicionales: \u201cNo solo sube el combustible; tambi\u00e9n aumentar\u00e1n los precios de llantas, aceites, lubricantes, grasas, repuestos y filtros, impactando toda nuestra canasta b\u00e1sica entre un 15 y 20 %\u201d.<\/p>\n\n\n\n<p>Seg\u00fan el dirigente, las negociaciones con el Ejecutivo no han dado resultados. La noche del domingo se solicit\u00f3 la presencia de representantes en Quito, pero la delegaci\u00f3n pospuso el viaje debido a las protestas en Santo Domingo. \u201cLamentablemente, no hay claridad del Gobierno hacia el transporte de carga pesada\u201d, concluy\u00f3 Ayala.<\/p>\n","protected":false},"excerpt":{"rendered":"<p>Los transportistas de carga pesada en Manab\u00ed se alistan para intensificar sus protestas. Este lunes, desde las 15:00, se realizar\u00e1 un cierre parcial de varias v\u00edas de la provincia, comenzando con una concentraci\u00f3n en Montecristi, inform\u00f3 \u00c1lex Ayala, presidente nacional de la C\u00e1mara Ecuatoriana de Transportistas Pesados.<\/p>\n","protected":false},"author":14,"featured_media":52207,"comment_status":"open","ping_status":"open","sticky":false,"template":"","format":"standard","meta":{"footnotes":""},"categories":[20,83,1],"tags":[29],"class_list":["post-52203","post","type-post","status-publish","format-standard","has-post-thumbnail","hentry","category-portada-2","category-sucesos","category-uncategorized","tag-manabi"],"_links":{"self":[{"href":"https:\/\/elmercuriomanta.ec\/index.php\/wp-json\/wp\/v2\/posts\/52203","targetHints":{"allow":["GET"]}}],"collection":[{"href":"https:\/\/elmercuriomanta.ec\/index.php\/wp-json\/wp\/v2\/posts"}],"about":[{"href":"https:\/\/elmercuriomanta.ec\/index.php\/wp-json\/wp\/v2\/types\/post"}],"author":[{"embeddable":true,"href":"https:\/\/elmercuriomanta.ec\/index.php\/wp-json\/wp\/v2\/users\/14"}],"replies":[{"embeddable":true,"href":"https:\/\/elmercuriomanta.ec\/index.php\/wp-json\/wp\/v2\/comments?post=52203"}],"version-history":[{"count":3,"href":"https:\/\/elmercuriomanta.ec\/index.php\/wp-json\/wp\/v2\/posts\/52203\/revisions"}],"predecessor-version":[{"id":52208,"href":"https:\/\/elmercuriomanta.ec\/index.php\/wp-json\/wp\/v2\/posts\/52203\/revisions\/52208"}],"wp:featuredmedia":[{"embeddable":true,"href":"https:\/\/elmercuriomanta.ec\/index.php\/wp-json\/wp\/v2\/media\/52207"}],"wp:attachment":[{"href":"https:\/\/elmercuriomanta.ec\/index.php\/wp-json\/wp\/v2\/media?parent=52203"}],"wp:term":[{"taxonomy":"category","embeddable":true,"href":"https:\/\/elmercuriomanta.ec\/index.php\/wp-json\/wp\/v2\/categories?post=52203"},{"taxonomy":"post_tag","embeddable":true,"href":"https:\/\/elmercuriomanta.ec\/index.php\/wp-json\/wp\/v2\/tags?post=52203"}],"curies":[{"name":"wp","href":"https:\/\/api.w.org\/{rel}","templated":true}]}}