{"id":52197,"date":"2025-09-15T11:38:21","date_gmt":"2025-09-15T16:38:21","guid":{"rendered":"https:\/\/elmercuriomanta.ec\/?p=52197"},"modified":"2025-09-15T11:42:29","modified_gmt":"2025-09-15T16:42:29","slug":"protestas-paralizan-la-panamericana-sur-y-complican-ingreso-a-quito","status":"publish","type":"post","link":"https:\/\/elmercuriomanta.ec\/index.php\/2025\/09\/15\/protestas-paralizan-la-panamericana-sur-y-complican-ingreso-a-quito\/","title":{"rendered":"Protestas paralizan la Panamericana Sur y complican ingreso a Quito"},"content":{"rendered":"\n<figure class=\"wp-block-image aligncenter size-large is-resized\"><img fetchpriority=\"high\" decoding=\"async\" width=\"576\" height=\"1024\" src=\"https:\/\/elmercuriomanta.ec\/wp-content\/uploads\/2025\/09\/image-160-576x1024.png\" alt=\"\" class=\"wp-image-52199\" style=\"width:355px;height:auto\" srcset=\"https:\/\/elmercuriomanta.ec\/wp-content\/uploads\/2025\/09\/image-160-576x1024.png 576w, https:\/\/elmercuriomanta.ec\/wp-content\/uploads\/2025\/09\/image-160-169x300.png 169w, https:\/\/elmercuriomanta.ec\/wp-content\/uploads\/2025\/09\/image-160-768x1365.png 768w, https:\/\/elmercuriomanta.ec\/wp-content\/uploads\/2025\/09\/image-160-864x1536.png 864w, https:\/\/elmercuriomanta.ec\/wp-content\/uploads\/2025\/09\/image-160.png 900w\" sizes=\"(max-width: 576px) 100vw, 576px\" \/><\/figure>\n\n\n\n<p>Una nueva v\u00eda principal fue cerrada este lunes 15 de septiembre a causa de las manifestaciones provocadas por la eliminaci\u00f3n del subsidio al di\u00e9sel.<\/p>\n\n\n\n<p>Aunque en Pichincha el gremio de transportistas anunci\u00f3 la suspensi\u00f3n del paro, en varias carreteras se registr\u00f3 fuerte congesti\u00f3n vehicular y la presencia de tr\u00e1ileres que impidieron por completo la circulaci\u00f3n.<\/p>\n\n\n\n<p>El ECU 911 report\u00f3 que, en la Panamericana Sur, a la altura del sector de Al\u00f3ag, varios veh\u00edculos pesados bloquearon todos los carriles como medida de protesta contra el decreto emitido por el Gobierno. \u201cAl momento se encuentra cerrada la Panamericana Sur E-35, en el cant\u00f3n Mej\u00eda, sector Al\u00f3ag, en ambos sentidos, debido a la concentraci\u00f3n de personas\u201d, se\u00f1al\u00f3 la entidad.<\/p>\n\n\n\n<p>Efectivos de la Polic\u00eda Nacional se movilizaron hasta el lugar para intentar controlar la situaci\u00f3n, mientras los manifestantes exig\u00edan respuestas frente al retiro del subsidio al combustible.<\/p>\n\n\n\n<p>En redes sociales circularon videos donde se evidencian extensas filas de automotores y ciudadanos caminando sobre la calzada para observar lo que ocurr\u00eda.<\/p>\n\n\n\n<p>En uno de los accesos principales a Quito, las autoridades instalaron un punto de mando con el fin de garantizar la movilidad y mantener el orden. Sin embargo, los manifestantes reiteraron que no se retirar\u00e1n hasta obtener soluciones concretas.<\/p>\n","protected":false},"excerpt":{"rendered":"<p>Aunque en Pichincha el gremio de transportistas anunci\u00f3 la suspensi\u00f3n del paro, en varias carreteras se registr\u00f3 fuerte congesti\u00f3n vehicular y la presencia de tr\u00e1ileres que impidieron por completo la circulaci\u00f3n.<\/p>\n","protected":false},"author":14,"featured_media":52199,"comment_status":"open","ping_status":"open","sticky":false,"template":"","format":"standard","meta":{"footnotes":""},"categories":[20,1],"tags":[23],"class_list":["post-52197","post","type-post","status-publish","format-standard","has-post-thumbnail","hentry","category-portada-2","category-uncategorized","tag-ecuador"],"_links":{"self":[{"href":"https:\/\/elmercuriomanta.ec\/index.php\/wp-json\/wp\/v2\/posts\/52197","targetHints":{"allow":["GET"]}}],"collection":[{"href":"https:\/\/elmercuriomanta.ec\/index.php\/wp-json\/wp\/v2\/posts"}],"about":[{"href":"https:\/\/elmercuriomanta.ec\/index.php\/wp-json\/wp\/v2\/types\/post"}],"author":[{"embeddable":true,"href":"https:\/\/elmercuriomanta.ec\/index.php\/wp-json\/wp\/v2\/users\/14"}],"replies":[{"embeddable":true,"href":"https:\/\/elmercuriomanta.ec\/index.php\/wp-json\/wp\/v2\/comments?post=52197"}],"version-history":[{"count":3,"href":"https:\/\/elmercuriomanta.ec\/index.php\/wp-json\/wp\/v2\/posts\/52197\/revisions"}],"predecessor-version":[{"id":52201,"href":"https:\/\/elmercuriomanta.ec\/index.php\/wp-json\/wp\/v2\/posts\/52197\/revisions\/52201"}],"wp:featuredmedia":[{"embeddable":true,"href":"https:\/\/elmercuriomanta.ec\/index.php\/wp-json\/wp\/v2\/media\/52199"}],"wp:attachment":[{"href":"https:\/\/elmercuriomanta.ec\/index.php\/wp-json\/wp\/v2\/media?parent=52197"}],"wp:term":[{"taxonomy":"category","embeddable":true,"href":"https:\/\/elmercuriomanta.ec\/index.php\/wp-json\/wp\/v2\/categories?post=52197"},{"taxonomy":"post_tag","embeddable":true,"href":"https:\/\/elmercuriomanta.ec\/index.php\/wp-json\/wp\/v2\/tags?post=52197"}],"curies":[{"name":"wp","href":"https:\/\/api.w.org\/{rel}","templated":true}]}}