{"id":52143,"date":"2025-09-14T10:41:34","date_gmt":"2025-09-14T15:41:34","guid":{"rendered":"https:\/\/elmercuriomanta.ec\/?p=52143"},"modified":"2025-09-14T10:41:34","modified_gmt":"2025-09-14T15:41:34","slug":"crimen-organizado-extiende-tentaculos-y-recluta-estudiantes-de-escuelas-y-colegios-de-manabi","status":"publish","type":"post","link":"https:\/\/elmercuriomanta.ec\/index.php\/2025\/09\/14\/crimen-organizado-extiende-tentaculos-y-recluta-estudiantes-de-escuelas-y-colegios-de-manabi\/","title":{"rendered":"Crimen Organizado Extiende Tent\u00e1culos y Recluta Estudiantes de Escuelas y Colegios de Manab\u00ed"},"content":{"rendered":"\n<figure class=\"wp-block-image aligncenter size-full is-resized\"><img fetchpriority=\"high\" decoding=\"async\" width=\"800\" height=\"450\" src=\"https:\/\/elmercuriomanta.ec\/wp-content\/uploads\/2025\/09\/image-151.png\" alt=\"\" class=\"wp-image-52144\" style=\"width:540px;height:auto\" srcset=\"https:\/\/elmercuriomanta.ec\/wp-content\/uploads\/2025\/09\/image-151.png 800w, https:\/\/elmercuriomanta.ec\/wp-content\/uploads\/2025\/09\/image-151-300x169.png 300w, https:\/\/elmercuriomanta.ec\/wp-content\/uploads\/2025\/09\/image-151-768x432.png 768w\" sizes=\"(max-width: 800px) 100vw, 800px\" \/><\/figure>\n\n\n\n<p>Estudiantes relacionados con grupos de delincuencia organizada. Esa es la dura realidad que golpea al sistema educativo de la provincia de Manab\u00ed. As\u00ed lo revel\u00f3 la Polic\u00eda Nacional y desde el Ministerio de Educaci\u00f3n aseguran que est\u00e1n tomando acciones en este tipo de casos que son focalizados. La problem\u00e1tica fue dada a conocer el pasado 3 de septiembre de 2025 tras el crimen de una estudiante de 16 a\u00f1os en los exteriores de un colegio en Manta. Adem\u00e1s, la Polic\u00eda asegur\u00f3 que la alumna \u201cera colaboradora de Los Choneros\u201d y que el ataque fue dirigido, es decir no fue una v\u00edctima colateral. \u201cPero hay que entender que esto no es un tema sist\u00e9mico, no es que pasa en todas partes, no es que pasa en todas las instituciones, est\u00e1 focalizado y como Ministerio de Educaci\u00f3n tenemos bastante claro en qu\u00e9 lugares est\u00e1 pasando y estamos tomando varias formas de prevenirlo\u201d, inform\u00f3 &nbsp;Maximiliano N\u00fa\u00f1ez Tomaselli, coordinador zonal 4 de Educaci\u00f3n. El funcionario detall\u00f3 que esta situaci\u00f3n est\u00e1 mapeada: \u201cson cuatro cantones de la provincia: Manta, Sucre, Tosagua y Chone\u201d, pero aclar\u00f3 que esto no ocurre en todo el territorio, es decir, son lugares o instituciones educativas espec\u00edficas. No es una problem\u00e1tica \u00fanica de Manab\u00ed. Existe una normalizaci\u00f3n de la \u201cpresencia de grupos criminales en barrios y escuelas, donde operan, principalmente mediante la seducci\u00f3n, v\u00ednculos familiares y comunitarios, y en menor medida a trav\u00e9s de la coerci\u00f3n\u201d, es una de las conclusiones de una investigaci\u00f3n publicada en junio de 2025 y denominada:<\/p>\n\n\n\n<p>Estudio sobre la vinculaci\u00f3n de ni\u00f1os, ni\u00f1as y adolescentes a organizaciones criminales en Ecuador. La investigaci\u00f3n est\u00e1 respaldada por la Fundaci\u00f3n Panamericana para el Desarrollo (PADF), el Observatorio Ecuatoriano del Crimen Organizado (OECO), FLACSO Ecuador y el programa Comunidades Seguras. Maximiliano N\u00fa\u00f1ez Tomaselli asegur\u00f3 que en Manab\u00ed existen 365 instituciones priorizadas \u201cque tienen inclusive un contrato de seguridad privada durante las 24 horas del d\u00eda\u201d. En la provincia hay 1.900 instituciones educativas. N\u00fa\u00f1ez agreg\u00f3 que los menores de edad relacionados a estos casos \u201cninguno ha sido estudiante com\u00fan, es decir a temas que no son normales, ya la Polic\u00eda tiene identificado, no podemos hablar mucho de los detalles, porque la Polic\u00eda hace sus trabajos de inteligencia\u201d.<\/p>\n\n\n\n<p>CASO REINCIDENTE El caso de Portoviejo se registr\u00f3 el pasado 3 de septiembre de 2025, cuando a un estudiante de 15 a\u00f1os se le encontr\u00f3 en su mochila un arma de fuego, tipo cartuchera (no hab\u00eda municiones). Seg\u00fan informaci\u00f3n policial, no era la primera vez que el menor de edad ten\u00eda problema en este colegio, ya que hab\u00eda agredido a un estudiante y le produjo varios cortes con una tijera. \u201cEste estudiante ya tuvo una situaci\u00f3n hace m\u00e1s de un a\u00f1o, se lo separ\u00f3 de la instituci\u00f3n, se tom\u00f3 las medidas correspondientes y se lo encuentra de nuevo (con un arma). Ya es un tema que se nos escapa, es un tema del entorno familiar, inclusive est\u00e1 bastante normalizado. Al pasar estas situaciones a manos de la Polic\u00eda, Dinapen\u201d, manifest\u00f3 el funcionario de educaci\u00f3n. En referencia a este caso, el d\u00eda de la novedad, el comandante Naranjo mencion\u00f3 que:<\/p>\n\n\n\n<p>\u201cLas instituciones siguen siendo lugares seguros, todos los casos que hemos visto de violencia suceden afuera\u201d, aclar\u00f3 N\u00fa\u00f1ez. En lo que va de 2025 se han evidenciado tres asesinatos de estudiantes en los exteriores de instituciones educativas de la provincia; se han concentrado en Chone, Sucre y Manta.<\/p>\n\n\n\n<p>\u00bfC\u00d3MO DEBE ABORDARSE ESTA REALIDAD? Seg\u00fan, la investigaci\u00f3n sobre vinculaci\u00f3n de ni\u00f1os, ni\u00f1as y adolescentes a organizaciones criminales en Ecuador, la prevenci\u00f3n debe abordarse de forma integral, \u201carticulando acciones entre escuelas, familias, comunidades, autoridades locales y el propio Estado. El fen\u00f3meno excede el \u00e1mbito penal y demanda respuestas sociales sostenidas y coordinadas\u201d. Adem\u00e1s, en el documento se insiste en la urgencia de intervenir en los territorios m\u00e1s vulnerables con programas de desarrollo social, fortalecimiento del tejido comunitario y acceso efectivo a derechos b\u00e1sicos. \u201cSolo as\u00ed ser\u00e1 posible reducir las condiciones estructurales que favorecen la vinculaci\u00f3n de adolescentes a grupos criminales, y promover alternativas reales que les permitan construir un proyecto de vida al margen de la violencia y la ilegalidad\u201d. El funcionario agreg\u00f3 que es necesario tener en cuenta que \u201ctenemos una situaci\u00f3n heredada en el sistema educativo bastante compleja, por eso estamos recuperando desde infraestructura, recursos educativos, trabajar desde el curr\u00edculum, los valores, recuperar no solo la parte acad\u00e9mica, sino el ser que sean buenas personas. La implementaci\u00f3n de las materias, como c\u00edvica, \u00e9tica e integridad, son importantes\u201d. Tambi\u00e9n se refiri\u00f3 a la importancia del Plan Nacional \u2018Nos Cuidamos\u2019 para recuperar el tejido social. La iniciativa est\u00e1 en marcha desde el 1 de septiembre de 2025 y busca garantizar la seguridad y protecci\u00f3n para docentes, estudiantes y entornos educativos. El plan est\u00e1 dise\u00f1ado para enfrentar de manera integral la violencia, los riesgos psicosociales y el abandono escolar. Adem\u00e1s, permite a la Polic\u00eda Nacional ingresar a las instituciones educativas por tres razones: flagrancia, orden judicial y riesgo inminente. &nbsp;<\/p>\n","protected":false},"excerpt":{"rendered":"<p>Estudiantes relacionados con grupos de delincuencia organizada. Esa es la dura realidad que golpea al sistema educativo de la provincia de Manab\u00ed. As\u00ed lo revel\u00f3 la Polic\u00eda Nacional y desde el Ministerio de Educaci\u00f3n aseguran que est\u00e1n tomando acciones en este tipo de casos que son focalizados. La problem\u00e1tica fue dada a conocer el pasado 3 de septiembre de 2025 tras el crimen de una estudiante de 16 a\u00f1os en los exteriores de un colegio en Manta. Adem\u00e1s, la Polic\u00eda asegur\u00f3 que la alumna \u201cera colaboradora de Los Choneros\u201d y que el ataque fue dirigido, es decir no fue una v\u00edctima colateral. \u201cPero hay que entender que esto no es un tema sist\u00e9mico, no es que pasa en todas partes, no es que pasa en todas las instituciones, est\u00e1 focalizado y como Ministerio de Educaci\u00f3n tenemos bastante claro en qu\u00e9 lugares est\u00e1 pasando y estamos tomando varias formas de prevenirlo\u201d, inform\u00f3 \u00a0Maximiliano N\u00fa\u00f1ez Tomaselli, coordinador zonal 4 de Educaci\u00f3n. El funcionario detall\u00f3 que esta situaci\u00f3n est\u00e1 mapeada: \u201cson cuatro cantones de la provincia: Manta, Sucre, Tosagua y Chone\u201d, pero aclar\u00f3 que esto no ocurre en todo el territorio, es decir, son lugares o instituciones educativas espec\u00edficas. No es una problem\u00e1tica \u00fanica de Manab\u00ed. Existe una normalizaci\u00f3n de la \u201cpresencia de grupos criminales en barrios y escuelas, donde operan, principalmente mediante la seducci\u00f3n, v\u00ednculos familiares y comunitarios, y en menor medida a trav\u00e9s de la coerci\u00f3n\u201d, es una de las conclusiones de una investigaci\u00f3n publicada en junio de 2025 y denominada:<\/p>\n<p>Estudio sobre la vinculaci\u00f3n de ni\u00f1os, ni\u00f1as y adolescentes a organizaciones criminales en Ecuador. La investigaci\u00f3n est\u00e1 respaldada por la Fundaci\u00f3n Panamericana para el Desarrollo (PADF), el Observatorio Ecuatoriano del Crimen Organizado (OECO), FLACSO Ecuador y el programa Comunidades Seguras. Maximiliano N\u00fa\u00f1ez Tomaselli asegur\u00f3 que en Manab\u00ed existen 365 instituciones priorizadas \u201cque tienen inclusive un contrato de seguridad privada durante las 24 horas del d\u00eda\u201d. En la provincia hay 1.900 instituciones educativas. N\u00fa\u00f1ez agreg\u00f3 que los menores de edad relacionados a estos casos \u201cninguno ha sido estudiante com\u00fan, es decir a temas que no son normales, ya la Polic\u00eda tiene identificado, no podemos hablar mucho de los detalles, porque la Polic\u00eda hace sus trabajos de inteligencia\u201d.<\/p>\n<p>CASO REINCIDENTE El caso de Portoviejo se registr\u00f3 el pasado 3 de septiembre de 2025, cuando a un estudiante de 15 a\u00f1os se le encontr\u00f3 en su mochila un arma de fuego, tipo cartuchera (no hab\u00eda municiones). Seg\u00fan informaci\u00f3n policial, no era la primera vez que el menor de edad ten\u00eda problema en este colegio, ya que hab\u00eda agredido a un estudiante y le produjo varios cortes con una tijera. \u201cEste estudiante ya tuvo una situaci\u00f3n hace m\u00e1s de un a\u00f1o, se lo separ\u00f3 de la instituci\u00f3n, se tom\u00f3 las medidas correspondientes y se lo encuentra de nuevo (con un arma). Ya es un tema que se nos escapa, es un tema del entorno familiar, inclusive est\u00e1 bastante normalizado. Al pasar estas situaciones a manos de la Polic\u00eda, Dinapen\u201d, manifest\u00f3 el funcionario de educaci\u00f3n. En referencia a este caso, el d\u00eda de la novedad, el comandante Naranjo mencion\u00f3 que:<\/p>\n<p>\u201cLas instituciones siguen siendo lugares seguros, todos los casos que hemos visto de violencia suceden afuera\u201d, aclar\u00f3 N\u00fa\u00f1ez. En lo que va de 2025 se han evidenciado tres asesinatos de estudiantes en los exteriores de instituciones educativas de la provincia; se han concentrado en Chone, Sucre y Manta.<\/p>\n<p>\u00bfC\u00d3MO DEBE ABORDARSE ESTA REALIDAD? Seg\u00fan, la investigaci\u00f3n sobre vinculaci\u00f3n de ni\u00f1os, ni\u00f1as y adolescentes a organizaciones criminales en Ecuador, la prevenci\u00f3n debe abordarse de forma integral, \u201carticulando acciones entre escuelas, familias, comunidades, autoridades locales y el propio Estado. El fen\u00f3meno excede el \u00e1mbito penal y demanda respuestas sociales sostenidas y coordinadas\u201d. Adem\u00e1s, en el documento se insiste en la urgencia de intervenir en los territorios m\u00e1s vulnerables con programas de desarrollo social, fortalecimiento del tejido comunitario y acceso efectivo a derechos b\u00e1sicos. \u201cSolo as\u00ed ser\u00e1 posible reducir las condiciones estructurales que favorecen la vinculaci\u00f3n de adolescentes a grupos criminales, y promover alternativas reales que les permitan construir un proyecto de vida al margen de la violencia y la ilegalidad\u201d. El funcionario agreg\u00f3 que es necesario tener en cuenta que \u201ctenemos una situaci\u00f3n heredada en el sistema educativo bastante compleja, por eso estamos recuperando desde infraestructura, recursos educativos, trabajar desde el curr\u00edculum, los valores, recuperar no solo la parte acad\u00e9mica, sino el ser que sean buenas personas. La implementaci\u00f3n de las materias, como c\u00edvica, \u00e9tica e integridad, son importantes\u201d. Tambi\u00e9n se refiri\u00f3 a la importancia del Plan Nacional \u2018Nos Cuidamos\u2019 para recuperar el tejido social. La iniciativa est\u00e1 en marcha desde el 1 de septiembre de 2025 y busca garantizar la seguridad y protecci\u00f3n para docentes, estudiantes y entornos educativos. El plan est\u00e1 dise\u00f1ado para enfrentar de manera integral la violencia, los riesgos psicosociales y el abandono escolar. Adem\u00e1s, permite a la Polic\u00eda Nacional ingresar a las instituciones educativas por tres razones: flagrancia, orden judicial y riesgo inminente.<\/p>\n","protected":false},"author":12,"featured_media":52144,"comment_status":"open","ping_status":"open","sticky":false,"template":"","format":"standard","meta":{"footnotes":""},"categories":[1],"tags":[29],"class_list":["post-52143","post","type-post","status-publish","format-standard","has-post-thumbnail","hentry","category-uncategorized","tag-manabi"],"_links":{"self":[{"href":"https:\/\/elmercuriomanta.ec\/index.php\/wp-json\/wp\/v2\/posts\/52143","targetHints":{"allow":["GET"]}}],"collection":[{"href":"https:\/\/elmercuriomanta.ec\/index.php\/wp-json\/wp\/v2\/posts"}],"about":[{"href":"https:\/\/elmercuriomanta.ec\/index.php\/wp-json\/wp\/v2\/types\/post"}],"author":[{"embeddable":true,"href":"https:\/\/elmercuriomanta.ec\/index.php\/wp-json\/wp\/v2\/users\/12"}],"replies":[{"embeddable":true,"href":"https:\/\/elmercuriomanta.ec\/index.php\/wp-json\/wp\/v2\/comments?post=52143"}],"version-history":[{"count":1,"href":"https:\/\/elmercuriomanta.ec\/index.php\/wp-json\/wp\/v2\/posts\/52143\/revisions"}],"predecessor-version":[{"id":52145,"href":"https:\/\/elmercuriomanta.ec\/index.php\/wp-json\/wp\/v2\/posts\/52143\/revisions\/52145"}],"wp:featuredmedia":[{"embeddable":true,"href":"https:\/\/elmercuriomanta.ec\/index.php\/wp-json\/wp\/v2\/media\/52144"}],"wp:attachment":[{"href":"https:\/\/elmercuriomanta.ec\/index.php\/wp-json\/wp\/v2\/media?parent=52143"}],"wp:term":[{"taxonomy":"category","embeddable":true,"href":"https:\/\/elmercuriomanta.ec\/index.php\/wp-json\/wp\/v2\/categories?post=52143"},{"taxonomy":"post_tag","embeddable":true,"href":"https:\/\/elmercuriomanta.ec\/index.php\/wp-json\/wp\/v2\/tags?post=52143"}],"curies":[{"name":"wp","href":"https:\/\/api.w.org\/{rel}","templated":true}]}}