{"id":52005,"date":"2025-09-12T11:22:00","date_gmt":"2025-09-12T16:22:00","guid":{"rendered":"https:\/\/elmercuriomanta.ec\/?p=52005"},"modified":"2025-09-12T11:22:00","modified_gmt":"2025-09-12T16:22:00","slug":"consejo-empresarial-ecuatoriano-panameno-un-puente-estrategico-para-un-acuerdo-comercial-entre-las-dos-naciones","status":"publish","type":"post","link":"https:\/\/elmercuriomanta.ec\/index.php\/2025\/09\/12\/consejo-empresarial-ecuatoriano-panameno-un-puente-estrategico-para-un-acuerdo-comercial-entre-las-dos-naciones\/","title":{"rendered":"Consejo empresarial ecuatoriano &#8211; paname\u00f1o un puente estrat\u00e9gico: Para un acuerdo comercial entre las dos naciones"},"content":{"rendered":"\n<figure class=\"wp-block-image aligncenter size-large is-resized\"><img fetchpriority=\"high\" decoding=\"async\" width=\"1024\" height=\"576\" src=\"https:\/\/elmercuriomanta.ec\/wp-content\/uploads\/2025\/09\/Pagina-Locales-5.-Consejo-Empresarial-Ecuatoriano-1024x576.jpg\" alt=\"\" class=\"wp-image-52008\" style=\"width:572px;height:auto\" srcset=\"https:\/\/elmercuriomanta.ec\/wp-content\/uploads\/2025\/09\/Pagina-Locales-5.-Consejo-Empresarial-Ecuatoriano-1024x576.jpg 1024w, https:\/\/elmercuriomanta.ec\/wp-content\/uploads\/2025\/09\/Pagina-Locales-5.-Consejo-Empresarial-Ecuatoriano-300x169.jpg 300w, https:\/\/elmercuriomanta.ec\/wp-content\/uploads\/2025\/09\/Pagina-Locales-5.-Consejo-Empresarial-Ecuatoriano-768x432.jpg 768w, https:\/\/elmercuriomanta.ec\/wp-content\/uploads\/2025\/09\/Pagina-Locales-5.-Consejo-Empresarial-Ecuatoriano-1536x864.jpg 1536w, https:\/\/elmercuriomanta.ec\/wp-content\/uploads\/2025\/09\/Pagina-Locales-5.-Consejo-Empresarial-Ecuatoriano.jpg 1600w\" sizes=\"(max-width: 1024px) 100vw, 1024px\" \/><\/figure>\n\n\n\n<p>Ecuador y Panam\u00e1 reactivan su agenda econ\u00f3mica con la consolidaci\u00f3n y presentaci\u00f3n oficial del Consejo Empresarial Ecuatoriano\u2013 Paname\u00f1o (CEEP), una plataforma empresarial binacional creada en abril de este a\u00f1o por Corporaci\u00f3n Favorita, Pronaca, Pichincha Corp., Grupo Danec, Colineal Corp. y Copa Airlines con el apoyo de la Embajada de Panam\u00e1 en Ecuador y la Federaci\u00f3n Ecuatoriana de Exportadores (FEDEXPOR).<\/p>\n\n\n\n<p>El objetivo es claro: internacionalizar negocios, generar encuentros empresariales y acompa\u00f1ar al Estado en la reactivaci\u00f3n del Acuerdo Comercial iniciado en 2021.<\/p>\n\n\n\n<p>Durante el evento de presentaci\u00f3n oficial del CEEP este 26 de agosto en Quito, en el cual se dieron cita autoridades, l\u00edderes gremiales y representantes de m\u00e1s de 30 empresas de todo el pa\u00eds, se anunci\u00f3 al exministro de Producci\u00f3n, Comercio Exterior, Inversiones y Pesca, Daniel Legarda, como su nuevo presidente ejecutivo, quien present\u00f3 un panorama de las oportunidades de comercio exterior e inversiones entre Ecuador y Panam\u00e1, y present\u00f3 adem\u00e1s la hoja de ruta del CEEP, que se enfocar\u00e1 en tres pilares fundamentales:<\/p>\n\n\n\n<ol class=\"wp-block-list\">\n<li>Impulsar la negociaci\u00f3n de un acuerdo comercial<\/li>\n\n\n\n<li>Atraer inversiones en sectores clave<\/li>\n\n\n\n<li>Articular el di\u00e1logo p\u00fablico-privado entre empresas y autoridades.<\/li>\n<\/ol>\n\n\n\n<p>Seg\u00fan cifras del CEEP, el potencial exportador de Ecuador hacia el mercado caribe\u00f1o se refleja en una oferta diversificada que incluye productos pesqueros procesados, pescados y mariscos, as\u00ed como manufacturas con alto valor agregado, entre ellas l\u00ednea blanca, cer\u00e1mica, muebles de madera y metal, adem\u00e1s de productos agroindustriales.<\/p>\n\n\n\n<p>Por su parte, Panam\u00e1 tambi\u00e9n ve en Ecuador un destino estrat\u00e9gico, con exportaciones que superan los USD 65 millones, principalmente en servicios, componentes farmac\u00e9uticos y otros sectores especializados.<\/p>\n","protected":false},"excerpt":{"rendered":"<p>Ecuador y Panam\u00e1 reactivan su agenda econ\u00f3mica con la consolidaci\u00f3n y presentaci\u00f3n oficial del Consejo Empresarial Ecuatoriano\u2013 Paname\u00f1o (CEEP), una plataforma empresarial binacional creada en abril de este a\u00f1o por Corporaci\u00f3n Favorita, Pronaca, Pichincha Corp., Grupo Danec, Colineal Corp. y Copa Airlines con el apoyo de la Embajada de Panam\u00e1 en Ecuador y la Federaci\u00f3n Ecuatoriana de Exportadores (FEDEXPOR).<\/p>\n","protected":false},"author":14,"featured_media":52008,"comment_status":"open","ping_status":"open","sticky":false,"template":"","format":"standard","meta":{"footnotes":""},"categories":[8],"tags":[42],"class_list":["post-52005","post","type-post","status-publish","format-standard","has-post-thumbnail","hentry","category-internacional","tag-internacional"],"_links":{"self":[{"href":"https:\/\/elmercuriomanta.ec\/index.php\/wp-json\/wp\/v2\/posts\/52005","targetHints":{"allow":["GET"]}}],"collection":[{"href":"https:\/\/elmercuriomanta.ec\/index.php\/wp-json\/wp\/v2\/posts"}],"about":[{"href":"https:\/\/elmercuriomanta.ec\/index.php\/wp-json\/wp\/v2\/types\/post"}],"author":[{"embeddable":true,"href":"https:\/\/elmercuriomanta.ec\/index.php\/wp-json\/wp\/v2\/users\/14"}],"replies":[{"embeddable":true,"href":"https:\/\/elmercuriomanta.ec\/index.php\/wp-json\/wp\/v2\/comments?post=52005"}],"version-history":[{"count":1,"href":"https:\/\/elmercuriomanta.ec\/index.php\/wp-json\/wp\/v2\/posts\/52005\/revisions"}],"predecessor-version":[{"id":52009,"href":"https:\/\/elmercuriomanta.ec\/index.php\/wp-json\/wp\/v2\/posts\/52005\/revisions\/52009"}],"wp:featuredmedia":[{"embeddable":true,"href":"https:\/\/elmercuriomanta.ec\/index.php\/wp-json\/wp\/v2\/media\/52008"}],"wp:attachment":[{"href":"https:\/\/elmercuriomanta.ec\/index.php\/wp-json\/wp\/v2\/media?parent=52005"}],"wp:term":[{"taxonomy":"category","embeddable":true,"href":"https:\/\/elmercuriomanta.ec\/index.php\/wp-json\/wp\/v2\/categories?post=52005"},{"taxonomy":"post_tag","embeddable":true,"href":"https:\/\/elmercuriomanta.ec\/index.php\/wp-json\/wp\/v2\/tags?post=52005"}],"curies":[{"name":"wp","href":"https:\/\/api.w.org\/{rel}","templated":true}]}}