{"id":51919,"date":"2025-09-11T11:41:28","date_gmt":"2025-09-11T16:41:28","guid":{"rendered":"https:\/\/elmercuriomanta.ec\/?p=51919"},"modified":"2025-09-11T11:41:28","modified_gmt":"2025-09-11T16:41:28","slug":"11-s-se-cumplen-24-anos-del-mayor-atentado-en-la-historia-de-ee-uu","status":"publish","type":"post","link":"https:\/\/elmercuriomanta.ec\/index.php\/2025\/09\/11\/11-s-se-cumplen-24-anos-del-mayor-atentado-en-la-historia-de-ee-uu\/","title":{"rendered":"11-S : Se cumplen 24 a\u00f1os del mayor atentado en la historia de EE.UU"},"content":{"rendered":"\n<figure class=\"wp-block-image aligncenter size-full is-resized\"><img fetchpriority=\"high\" decoding=\"async\" width=\"1024\" height=\"683\" src=\"https:\/\/elmercuriomanta.ec\/wp-content\/uploads\/2025\/09\/image-114.png\" alt=\"\" class=\"wp-image-51920\" style=\"width:414px;height:auto\" srcset=\"https:\/\/elmercuriomanta.ec\/wp-content\/uploads\/2025\/09\/image-114.png 1024w, https:\/\/elmercuriomanta.ec\/wp-content\/uploads\/2025\/09\/image-114-300x200.png 300w, https:\/\/elmercuriomanta.ec\/wp-content\/uploads\/2025\/09\/image-114-768x512.png 768w\" sizes=\"(max-width: 1024px) 100vw, 1024px\" \/><\/figure>\n\n\n\n<p> En el marco del\u00a0<strong>24<\/strong>\u00b0\u00a0<strong>aniversario<\/strong>\u00a0del atentado a las\u00a0<strong>Torres Gemelas<\/strong>, registrado el 11 de septiembre de 2001. Por lo que la ciudad de\u00a0<strong>Nueva York<\/strong>\u00a0recuerda este jueves el ataque que en la actualidad suma nombres a la lista de\u00a0<strong>v\u00edctimas<\/strong>, que mueren afectadas por enfermedades respiratorias.<\/p>\n\n\n\n<p>Alrededor de 3.000 personas fallecieron el\u00a0<strong>11 de septiembre de 2001<\/strong>, cuando un grupo de terroristas de Al Qaeda estrell\u00f3 dos aviones en las Torres Gemelas, m\u00e1s uno en el Pent\u00e1gono y otro en Pensilvania. Sin embargo, el 11S contin\u00faa dejando en los \u00faltimos 24 a\u00f1os m\u00e1s v\u00edctimas que, en las inmediaciones de las zonas afectadas, inhalaron polvo y desarrollaron enfermedades respiratorias o c\u00e1nceres.<\/p>\n\n\n\n<p>\u00abDesde el 11S han fallecido muchas m\u00e1s personas por los efectos sobre su salud que las que murieron ese mismo d\u00eda\u00bb, indic\u00f3 el martes en una rueda de prensa la directora y presidenta ejecutiva del\u00a0<strong>Museo Memorial del 11S<\/strong>, Elizabeth Hillman.<\/p>\n\n\n\n<p> M\u00e1s de\u00a0<strong>400 bomberos<\/strong>\u00a0 que participaron en las labores de rescate en Nueva York han fallecido por enfermedades, frente a los 343 que perdieron la vida ese mismo d\u00eda, seg\u00fan Hillman. Seg\u00fan el acuerdo al\u00a0<strong>Programa de Salud del World Trade Center<\/strong>, unas 400.000 personas estuvieron expuestas el 11 de septiembre al polvo.<\/p>\n\n\n\n<p>Nueva York recuerda a las v\u00edctimas del 11S en una ceremonia en la que cada a\u00f1o se leen los nombres de cada una de las personas que perdieron su vida en las Torres Gemelas y en los aviones que se estrellaron en el\u00a0<strong>Pent\u00e1gono<\/strong>\u00a0y en\u00a0<strong>Pensilvania<\/strong>. Luego, se homenajear\u00e1 a  las personas que han fallecido a causa de enfermedades relacionadas con el 11S, as\u00ed como a los trabajadores que ayudaron a rescatar v\u00edctimas ese d\u00eda y a los supervivientes.<\/p>\n","protected":false},"excerpt":{"rendered":"<p>En el marco del\u00a024\u00b0\u00a0aniversario\u00a0del atentado a las\u00a0Torres Gemelas, registrado el 11 de septiembre de 2001. Por lo que la ciudad de\u00a0Nueva York\u00a0recuerda este jueves el ataque que en la actualidad suma nombres a la lista de\u00a0v\u00edctimas, que mueren afectadas por enfermedades respiratorias.<\/p>\n","protected":false},"author":14,"featured_media":51920,"comment_status":"open","ping_status":"open","sticky":false,"template":"","format":"standard","meta":{"footnotes":""},"categories":[8,83],"tags":[42],"class_list":["post-51919","post","type-post","status-publish","format-standard","has-post-thumbnail","hentry","category-internacional","category-sucesos","tag-internacional"],"_links":{"self":[{"href":"https:\/\/elmercuriomanta.ec\/index.php\/wp-json\/wp\/v2\/posts\/51919","targetHints":{"allow":["GET"]}}],"collection":[{"href":"https:\/\/elmercuriomanta.ec\/index.php\/wp-json\/wp\/v2\/posts"}],"about":[{"href":"https:\/\/elmercuriomanta.ec\/index.php\/wp-json\/wp\/v2\/types\/post"}],"author":[{"embeddable":true,"href":"https:\/\/elmercuriomanta.ec\/index.php\/wp-json\/wp\/v2\/users\/14"}],"replies":[{"embeddable":true,"href":"https:\/\/elmercuriomanta.ec\/index.php\/wp-json\/wp\/v2\/comments?post=51919"}],"version-history":[{"count":2,"href":"https:\/\/elmercuriomanta.ec\/index.php\/wp-json\/wp\/v2\/posts\/51919\/revisions"}],"predecessor-version":[{"id":51922,"href":"https:\/\/elmercuriomanta.ec\/index.php\/wp-json\/wp\/v2\/posts\/51919\/revisions\/51922"}],"wp:featuredmedia":[{"embeddable":true,"href":"https:\/\/elmercuriomanta.ec\/index.php\/wp-json\/wp\/v2\/media\/51920"}],"wp:attachment":[{"href":"https:\/\/elmercuriomanta.ec\/index.php\/wp-json\/wp\/v2\/media?parent=51919"}],"wp:term":[{"taxonomy":"category","embeddable":true,"href":"https:\/\/elmercuriomanta.ec\/index.php\/wp-json\/wp\/v2\/categories?post=51919"},{"taxonomy":"post_tag","embeddable":true,"href":"https:\/\/elmercuriomanta.ec\/index.php\/wp-json\/wp\/v2\/tags?post=51919"}],"curies":[{"name":"wp","href":"https:\/\/api.w.org\/{rel}","templated":true}]}}