{"id":51863,"date":"2025-09-10T15:11:49","date_gmt":"2025-09-10T20:11:49","guid":{"rendered":"https:\/\/elmercuriomanta.ec\/?p=51863"},"modified":"2025-09-10T15:11:49","modified_gmt":"2025-09-10T20:11:49","slug":"maduro-vuelve-a-navidad-desde-el-1-octubre","status":"publish","type":"post","link":"https:\/\/elmercuriomanta.ec\/index.php\/2025\/09\/10\/maduro-vuelve-a-navidad-desde-el-1-octubre\/","title":{"rendered":"Maduro vuelve a Navidad desde el 1 Octubre"},"content":{"rendered":"\n<figure class=\"wp-block-image aligncenter size-large is-resized\"><img fetchpriority=\"high\" decoding=\"async\" width=\"1620\" height=\"1080\" src=\"https:\/\/elmercuriomanta.ec\/wp-content\/uploads\/2025\/09\/81b43aff-4046-469b-891b-efedcc92e871-edited.jpeg\" alt=\"\" class=\"wp-image-51867\" style=\"width:641px;height:auto\" srcset=\"https:\/\/elmercuriomanta.ec\/wp-content\/uploads\/2025\/09\/81b43aff-4046-469b-891b-efedcc92e871-edited.jpeg 1620w, https:\/\/elmercuriomanta.ec\/wp-content\/uploads\/2025\/09\/81b43aff-4046-469b-891b-efedcc92e871-edited-300x200.jpeg 300w, https:\/\/elmercuriomanta.ec\/wp-content\/uploads\/2025\/09\/81b43aff-4046-469b-891b-efedcc92e871-edited-1024x683.jpeg 1024w, https:\/\/elmercuriomanta.ec\/wp-content\/uploads\/2025\/09\/81b43aff-4046-469b-891b-efedcc92e871-edited-768x512.jpeg 768w, https:\/\/elmercuriomanta.ec\/wp-content\/uploads\/2025\/09\/81b43aff-4046-469b-891b-efedcc92e871-edited-1536x1024.jpeg 1536w\" sizes=\"(max-width: 1620px) 100vw, 1620px\" \/><\/figure>\n\n\n\n<p>El presidente de Venezuela, Nicol\u00e1s Maduro, anunci\u00f3 el adelanto de las fiestas navide\u00f1as en el pa\u00eds, que, dijo, dar\u00e1n inicio por \u00abdecreto\u00bb el pr\u00f3ximo 1 de octubre, en medio de la tensi\u00f3n entre Caracas y Washington por el despliegue militar estadounidense en aguas del Caribe, pr\u00f3ximas al pa\u00eds suramericano.<\/p>\n\n\n\n<p>\u00abVamos a aplicar la f\u00f3rmula de otros a\u00f1os, que nos ha ido muy bien, para la econom\u00eda, para la cultura, para la alegr\u00eda, la felicidad, y vamos a decretar (que) desde el 1 de octubre arranca la Navidad en Venezuela otra vez, este a\u00f1o tambi\u00e9n\u00bb, afirm\u00f3 el gobernante en su programa semanal \u201cCon Maduro\u201d.<\/p>\n\n\n\n<p>Maduro ha descrito este a\u00f1o como \u00abbueno y bonito\u00bb, un periodo en el que el pa\u00eds ha logrado \u00abrehacerse y reconstruirse\u00bb a pesar de las crisis internas y los problemas a nivel internacional, unas palabras con las que ha hecho alusi\u00f3n al reciente aumento de la tensi\u00f3n con Estados Unidos.<\/p>\n\n\n\n<p>No es la primera vez que el presidente venezolano adelanta la Navidad a Octubre. Ya lo hizo en 2024 y en a\u00f1os anteriores.<\/p>\n\n\n\n<p>Generalmente, este periodo de tiempo es utilizado por el Gobierno para repartir paquetes de comida.<\/p>\n","protected":false},"excerpt":{"rendered":"<p>El presidente de Venezuela, Nicol\u00e1s Maduro, anunci\u00f3 el adelanto de las fiestas navide\u00f1as en el pa\u00eds, que, dijo, dar\u00e1n inicio por \u00abdecreto\u00bb el pr\u00f3ximo 1 de octubre, en medio de la tensi\u00f3n entre Caracas y Washington por el despliegue militar estadounidense en aguas del Caribe, pr\u00f3ximas al pa\u00eds suramericano.<\/p>\n","protected":false},"author":14,"featured_media":51867,"comment_status":"open","ping_status":"open","sticky":false,"template":"","format":"standard","meta":{"footnotes":""},"categories":[8],"tags":[42],"class_list":["post-51863","post","type-post","status-publish","format-standard","has-post-thumbnail","hentry","category-internacional","tag-internacional"],"_links":{"self":[{"href":"https:\/\/elmercuriomanta.ec\/index.php\/wp-json\/wp\/v2\/posts\/51863","targetHints":{"allow":["GET"]}}],"collection":[{"href":"https:\/\/elmercuriomanta.ec\/index.php\/wp-json\/wp\/v2\/posts"}],"about":[{"href":"https:\/\/elmercuriomanta.ec\/index.php\/wp-json\/wp\/v2\/types\/post"}],"author":[{"embeddable":true,"href":"https:\/\/elmercuriomanta.ec\/index.php\/wp-json\/wp\/v2\/users\/14"}],"replies":[{"embeddable":true,"href":"https:\/\/elmercuriomanta.ec\/index.php\/wp-json\/wp\/v2\/comments?post=51863"}],"version-history":[{"count":1,"href":"https:\/\/elmercuriomanta.ec\/index.php\/wp-json\/wp\/v2\/posts\/51863\/revisions"}],"predecessor-version":[{"id":51868,"href":"https:\/\/elmercuriomanta.ec\/index.php\/wp-json\/wp\/v2\/posts\/51863\/revisions\/51868"}],"wp:featuredmedia":[{"embeddable":true,"href":"https:\/\/elmercuriomanta.ec\/index.php\/wp-json\/wp\/v2\/media\/51867"}],"wp:attachment":[{"href":"https:\/\/elmercuriomanta.ec\/index.php\/wp-json\/wp\/v2\/media?parent=51863"}],"wp:term":[{"taxonomy":"category","embeddable":true,"href":"https:\/\/elmercuriomanta.ec\/index.php\/wp-json\/wp\/v2\/categories?post=51863"},{"taxonomy":"post_tag","embeddable":true,"href":"https:\/\/elmercuriomanta.ec\/index.php\/wp-json\/wp\/v2\/tags?post=51863"}],"curies":[{"name":"wp","href":"https:\/\/api.w.org\/{rel}","templated":true}]}}