{"id":51824,"date":"2025-09-10T10:49:12","date_gmt":"2025-09-10T15:49:12","guid":{"rendered":"https:\/\/elmercuriomanta.ec\/?p=51824"},"modified":"2025-09-10T10:49:12","modified_gmt":"2025-09-10T15:49:12","slug":"oposicion-colombiana-exige-comision-binacional-para-investigar-polemico-viaje-de-petro-a-manta","status":"publish","type":"post","link":"https:\/\/elmercuriomanta.ec\/index.php\/2025\/09\/10\/oposicion-colombiana-exige-comision-binacional-para-investigar-polemico-viaje-de-petro-a-manta\/","title":{"rendered":"Oposici\u00f3n colombiana exige Comisi\u00f3n Binacional para investigar pol\u00e9mico viaje de Petro a Manta"},"content":{"rendered":"\n<figure class=\"wp-block-image aligncenter size-full is-resized\"><img fetchpriority=\"high\" decoding=\"async\" width=\"832\" height=\"468\" src=\"https:\/\/elmercuriomanta.ec\/wp-content\/uploads\/2025\/09\/image-96.png\" alt=\"\" class=\"wp-image-51825\" style=\"width:505px;height:auto\" srcset=\"https:\/\/elmercuriomanta.ec\/wp-content\/uploads\/2025\/09\/image-96.png 832w, https:\/\/elmercuriomanta.ec\/wp-content\/uploads\/2025\/09\/image-96-300x169.png 300w, https:\/\/elmercuriomanta.ec\/wp-content\/uploads\/2025\/09\/image-96-768x432.png 768w\" sizes=\"(max-width: 832px) 100vw, 832px\" \/><\/figure>\n\n\n\n<p>Los congresistas de oposici\u00f3n de Colombia quieren saber qu\u00e9 hizo el presidente del vecino pa\u00eds, Gustavo Petro, en su visita reservada a Manta, en Ecuador, en mayo de 2025, luego de la posesi\u00f3n de Daniel Noboa. Por lo que, \u00a0buscan que se cree una Comisi\u00f3n Accidental Binacional, en coordinaci\u00f3n con la Asamblea de Ecuador, para \u00abesclarecer diferentes asuntos relacionados con el vecino pa\u00eds\u00bb, como el viaje de Petro a Manta, Esclarecer el supuesto crimen del propietario del inmueble,  entre otros. <\/p>\n\n\n\n<p>El 9 de septiembre de 2025, congresistas como Juan Espinal y Andr\u00e9s Forero, miembros del opositor Centro Democr\u00e1tico, fundado por el expresidente \u00c1lvaro Uribe, ingresaron una proposici\u00f3n ante la C\u00e1mara de Representantes de Colombia, relacionada con la visita de Petro a Manta.<\/p>\n\n\n\n<p>Ellos buscan que se cree una Comisi\u00f3n Accidental Binacional, en coordinaci\u00f3n con la Asamblea de Ecuador, para \u00abesclarecer diferentes asuntos relacionados con el vecino pa\u00eds\u00bb, dice el documento ingresado a la C\u00e1mara de Representantes, seg\u00fan informan medios colombianos.&nbsp;<\/p>\n\n\n\n<p>La idea es que esa Comisi\u00f3n Accidental pueda solicitar informaci\u00f3n oficial y establecer canales de interlocuci\u00f3n con autoridades de Ecuador, con el fin de esclarecer varios hechos:<\/p>\n\n\n\n<p>Establecer qu\u00e9 ocurri\u00f3 durante el viaje de Gustavo Petro a Ecuador en mayo de 2025.<br>Verificar si el mandatario colombiano estuvo hospedado en una vivienda de Manta.<br>Esclarecer el supuesto asesinato del propietario del inmueble en el que habr\u00eda estado hospedado Gustavo\u00a0 Petro.<br>Aportar elementos para esclarecer posibles v\u00ednculos entre estructuras delincuenciales de Ecuador y el atentado contra el senador Miguel Uribe Turbay, quien muri\u00f3 el pasado 11 de agosto.\u00a0<br>Gustavo Petro ya ha aclarado sobre su viaje a Ecuador. En su cuenta de X, asegur\u00f3 que ese d\u00eda se dedic\u00f3 a escribir \u00absobre la relaci\u00f3n entre acumulaci\u00f3n de capital y crisis clim\u00e1tica\u00bb.\u00a0<\/p>\n\n\n\n<p>La oposici\u00f3n de Colombia tambi\u00e9n ha especulado con un acercamiento entre el cabecilla de Los Choneros, Jos\u00e9 Adolfo Mac\u00edas, alias &#8216;Fito&#8217;, y el presidente Petro, lo que tambi\u00e9n fue negado por el mandtario.&nbsp;<\/p>\n\n\n\n<p>De hecho, el abogado de &#8216;Fito&#8217;, Alexei Schacht, asegur\u00f3 que su cliente no tuvo ninguna reuni\u00f3n ni comunicaci\u00f3n con el presidente de Colombia, en respuesta a una serie de rumores difundidos por la prensa del vecino pa\u00eds.<br><br><br><\/p>\n\n\n\n<p><br><\/p>\n\n\n\n<p><\/p>\n","protected":false},"excerpt":{"rendered":"<p>Los congresistas de oposici\u00f3n de Colombia quieren saber qu\u00e9 hizo el presidente del vecino pa\u00eds, Gustavo Petro, en su visita reservada a Manta, en Ecuador, en mayo de 2025, luego de la posesi\u00f3n de Daniel Noboa. Por lo que, \u00a0buscan que se cree una Comisi\u00f3n Accidental Binacional, en coordinaci\u00f3n con la Asamblea de Ecuador, para \u00abesclarecer diferentes asuntos relacionados con el vecino pa\u00eds\u00bb, como el viaje de Petro a Manta, Esclarecer el supuesto crimen del propietario del inmueble,  entre otros.<\/p>\n","protected":false},"author":14,"featured_media":51825,"comment_status":"open","ping_status":"open","sticky":false,"template":"","format":"standard","meta":{"footnotes":""},"categories":[8],"tags":[42],"class_list":["post-51824","post","type-post","status-publish","format-standard","has-post-thumbnail","hentry","category-internacional","tag-internacional"],"_links":{"self":[{"href":"https:\/\/elmercuriomanta.ec\/index.php\/wp-json\/wp\/v2\/posts\/51824","targetHints":{"allow":["GET"]}}],"collection":[{"href":"https:\/\/elmercuriomanta.ec\/index.php\/wp-json\/wp\/v2\/posts"}],"about":[{"href":"https:\/\/elmercuriomanta.ec\/index.php\/wp-json\/wp\/v2\/types\/post"}],"author":[{"embeddable":true,"href":"https:\/\/elmercuriomanta.ec\/index.php\/wp-json\/wp\/v2\/users\/14"}],"replies":[{"embeddable":true,"href":"https:\/\/elmercuriomanta.ec\/index.php\/wp-json\/wp\/v2\/comments?post=51824"}],"version-history":[{"count":2,"href":"https:\/\/elmercuriomanta.ec\/index.php\/wp-json\/wp\/v2\/posts\/51824\/revisions"}],"predecessor-version":[{"id":51827,"href":"https:\/\/elmercuriomanta.ec\/index.php\/wp-json\/wp\/v2\/posts\/51824\/revisions\/51827"}],"wp:featuredmedia":[{"embeddable":true,"href":"https:\/\/elmercuriomanta.ec\/index.php\/wp-json\/wp\/v2\/media\/51825"}],"wp:attachment":[{"href":"https:\/\/elmercuriomanta.ec\/index.php\/wp-json\/wp\/v2\/media?parent=51824"}],"wp:term":[{"taxonomy":"category","embeddable":true,"href":"https:\/\/elmercuriomanta.ec\/index.php\/wp-json\/wp\/v2\/categories?post=51824"},{"taxonomy":"post_tag","embeddable":true,"href":"https:\/\/elmercuriomanta.ec\/index.php\/wp-json\/wp\/v2\/tags?post=51824"}],"curies":[{"name":"wp","href":"https:\/\/api.w.org\/{rel}","templated":true}]}}