{"id":51793,"date":"2025-09-09T17:11:54","date_gmt":"2025-09-09T22:11:54","guid":{"rendered":"https:\/\/elmercuriomanta.ec\/?p=51793"},"modified":"2025-09-09T17:11:54","modified_gmt":"2025-09-09T22:11:54","slug":"los-pagos-por-servicios-de-acuacultura-y-pesca-se-haran-al-ministerio-de-agricultura","status":"publish","type":"post","link":"https:\/\/elmercuriomanta.ec\/index.php\/2025\/09\/09\/los-pagos-por-servicios-de-acuacultura-y-pesca-se-haran-al-ministerio-de-agricultura\/","title":{"rendered":"Los pagos por servicios de Acuacultura y Pesca\u00a0se har\u00e1n al Ministerio de Agricultura"},"content":{"rendered":"\n<figure class=\"wp-block-image aligncenter size-large is-resized\"><img fetchpriority=\"high\" decoding=\"async\" width=\"1024\" height=\"768\" src=\"https:\/\/elmercuriomanta.ec\/wp-content\/uploads\/2025\/09\/D5CT4QXULFCHBIKN2TBW27FZCE-1024x768.avif\" alt=\"\" class=\"wp-image-51794\" style=\"width:407px;height:auto\" srcset=\"https:\/\/elmercuriomanta.ec\/wp-content\/uploads\/2025\/09\/D5CT4QXULFCHBIKN2TBW27FZCE-1024x768.avif 1024w, https:\/\/elmercuriomanta.ec\/wp-content\/uploads\/2025\/09\/D5CT4QXULFCHBIKN2TBW27FZCE-300x225.avif 300w, https:\/\/elmercuriomanta.ec\/wp-content\/uploads\/2025\/09\/D5CT4QXULFCHBIKN2TBW27FZCE-768x576.avif 768w, https:\/\/elmercuriomanta.ec\/wp-content\/uploads\/2025\/09\/D5CT4QXULFCHBIKN2TBW27FZCE.avif 1340w\" sizes=\"(max-width: 1024px) 100vw, 1024px\" \/><\/figure>\n\n\n\n<p>A partir del lunes 15 de septiembre los pagos por conceptos de servicios prestados por el Viceministerio de Acuacultura y Pesca se realizar\u00e1n al Ministerio de Agricultura, Ganader\u00eda y Pesca y ya no al Ministerio de Producci\u00f3n, Comercio Exterior e Inversiones. As\u00ed lo inform\u00f3 la cartera de Estado mediante un comunicado.<\/p>\n\n\n\n<p>Esto se debe al traspaso de ese viceministerio de un ministerio al otro como parte del Plan de Eficiencia Administrativa, que contempla la fusi\u00f3n, traslado y absorci\u00f3n de varios ministerios e instituciones, y que fue dispuesto el 14 de agosto pasado mediante el Decreto Ejecutivo 99.<\/p>\n\n\n\n<figure class=\"wp-block-embed is-type-rich is-provider-twitter wp-block-embed-twitter\"><div class=\"wp-block-embed__wrapper\">\n<blockquote class=\"twitter-tweet\" data-width=\"550\" data-dnt=\"true\"><p lang=\"es\" dir=\"ltr\">\ud83d\udce2 Comunicado\ud83d\udcc3<br><br>\u2714\ufe0f Hasta el 14 de septiembre los pagos por servicios prestados por el Viceministerio de Acuacultura y Pesca se receptar\u00e1n en cuentas de <a href=\"https:\/\/twitter.com\/Produccion_Ecu?ref_src=twsrc%5Etfw\">@Produccion_Ecu<\/a>.<br>\u2714\ufe0fA partir del 15 de septiembre deber\u00e1n realizarse en las cuentas de <a href=\"https:\/\/twitter.com\/AgriculturaEc?ref_src=twsrc%5Etfw\">@AgriculturaEc<\/a>.<br><br>\ud83d\udd17 Las detallamos aqu\u00ed\ud83d\udc47 <a href=\"https:\/\/t.co\/vdeeLoT4z1\">pic.twitter.com\/vdeeLoT4z1<\/a><\/p>&mdash; Ministerio de Producci\u00f3n (@Produccion_Ecu) <a href=\"https:\/\/twitter.com\/Produccion_Ecu\/status\/1965116756336480660?ref_src=twsrc%5Etfw\">September 8, 2025<\/a><\/blockquote><script async src=\"https:\/\/platform.twitter.com\/widgets.js\" charset=\"utf-8\"><\/script>\n<\/div><\/figure>\n\n\n\n<p>La cartera de Producci\u00f3n indic\u00f3 que los dep\u00f3sitos en efectivo y transferencias correspondientes a los servicios prestados por el Viceministerio de Acuacultura y Pesca (Subsecretar\u00eda de Recursos Pesqueros, la Subsecretar\u00eda de Acuacultura y la Subsecretar\u00eda de Calidad e Inocuidad) solo se recibir\u00e1n hasta el domingo 14 de septiembre en las cuentas del Ministerio de Producci\u00f3n, Comercio Exterior e Inversiones.\u00a0<\/p>\n","protected":false},"excerpt":{"rendered":"<p>A partir del lunes 15 de septiembre los pagos por conceptos de servicios prestados por el Viceministerio de Acuacultura y Pesca se realizar\u00e1n al Ministerio de Agricultura, Ganader\u00eda y Pesca y ya no al Ministerio de Producci\u00f3n, Comercio Exterior e Inversiones. As\u00ed lo inform\u00f3 la cartera de Estado mediante un comunicado.<\/p>\n","protected":false},"author":14,"featured_media":51794,"comment_status":"open","ping_status":"open","sticky":false,"template":"","format":"standard","meta":{"footnotes":""},"categories":[20,83],"tags":[23],"class_list":["post-51793","post","type-post","status-publish","format-standard","has-post-thumbnail","hentry","category-portada-2","category-sucesos","tag-ecuador"],"_links":{"self":[{"href":"https:\/\/elmercuriomanta.ec\/index.php\/wp-json\/wp\/v2\/posts\/51793","targetHints":{"allow":["GET"]}}],"collection":[{"href":"https:\/\/elmercuriomanta.ec\/index.php\/wp-json\/wp\/v2\/posts"}],"about":[{"href":"https:\/\/elmercuriomanta.ec\/index.php\/wp-json\/wp\/v2\/types\/post"}],"author":[{"embeddable":true,"href":"https:\/\/elmercuriomanta.ec\/index.php\/wp-json\/wp\/v2\/users\/14"}],"replies":[{"embeddable":true,"href":"https:\/\/elmercuriomanta.ec\/index.php\/wp-json\/wp\/v2\/comments?post=51793"}],"version-history":[{"count":1,"href":"https:\/\/elmercuriomanta.ec\/index.php\/wp-json\/wp\/v2\/posts\/51793\/revisions"}],"predecessor-version":[{"id":51795,"href":"https:\/\/elmercuriomanta.ec\/index.php\/wp-json\/wp\/v2\/posts\/51793\/revisions\/51795"}],"wp:featuredmedia":[{"embeddable":true,"href":"https:\/\/elmercuriomanta.ec\/index.php\/wp-json\/wp\/v2\/media\/51794"}],"wp:attachment":[{"href":"https:\/\/elmercuriomanta.ec\/index.php\/wp-json\/wp\/v2\/media?parent=51793"}],"wp:term":[{"taxonomy":"category","embeddable":true,"href":"https:\/\/elmercuriomanta.ec\/index.php\/wp-json\/wp\/v2\/categories?post=51793"},{"taxonomy":"post_tag","embeddable":true,"href":"https:\/\/elmercuriomanta.ec\/index.php\/wp-json\/wp\/v2\/tags?post=51793"}],"curies":[{"name":"wp","href":"https:\/\/api.w.org\/{rel}","templated":true}]}}