{"id":51529,"date":"2025-09-05T10:55:27","date_gmt":"2025-09-05T15:55:27","guid":{"rendered":"https:\/\/elmercuriomanta.ec\/?p=51529"},"modified":"2025-09-05T10:55:27","modified_gmt":"2025-09-05T15:55:27","slug":"aviones-de-combate-f-35-llegaran-a-puerto-rico-tiembla-maduro-la-diplomacia-ya-tiene-alas","status":"publish","type":"post","link":"https:\/\/elmercuriomanta.ec\/index.php\/2025\/09\/05\/aviones-de-combate-f-35-llegaran-a-puerto-rico-tiembla-maduro-la-diplomacia-ya-tiene-alas\/","title":{"rendered":"\u00a0Aviones de combate F-35 llegar\u00e1n a Puerto Rico : Tiembla Maduro, la diplomacia ya tiene alas"},"content":{"rendered":"\n<figure class=\"wp-block-image size-large\"><img fetchpriority=\"high\" decoding=\"async\" width=\"1024\" height=\"457\" src=\"https:\/\/elmercuriomanta.ec\/wp-content\/uploads\/2025\/09\/image-40-1024x457.png\" alt=\"\" class=\"wp-image-51534\" srcset=\"https:\/\/elmercuriomanta.ec\/wp-content\/uploads\/2025\/09\/image-40-1024x457.png 1024w, https:\/\/elmercuriomanta.ec\/wp-content\/uploads\/2025\/09\/image-40-300x134.png 300w, https:\/\/elmercuriomanta.ec\/wp-content\/uploads\/2025\/09\/image-40-768x342.png 768w, https:\/\/elmercuriomanta.ec\/wp-content\/uploads\/2025\/09\/image-40.png 1200w\" sizes=\"(max-width: 1024px) 100vw, 1024px\" \/><\/figure>\n\n\n\n<p><strong>Este viernes, la tensi\u00f3n entre Estados Unidos y Venezuela creci\u00f3 luego del anuncio del despliegue de diez aviones de combate F-35<\/strong>\u00a0a una base a\u00e9rea en Puerto Rico.<\/p>\n\n\n\n<p>Esta es una respuesta directa al sobrevuelo de dos aeronaves venezolanas sobre el espacio a\u00e9reo cercano a las operaciones estadounidenses en el Caribe sur.<\/p>\n\n\n\n<p>El Departamento de Defensa (esta semana rebautizado por el presidente Donald Trump como Departamento de Guerra)<strong>&nbsp;calific\u00f3 la maniobra venezolana como una \u201cprovocaci\u00f3n innecesaria\u201d<\/strong>&nbsp;y asegur\u00f3 que no permitir\u00e1 acciones que pongan en riesgo a su personal desplegado en la regi\u00f3n.&nbsp;<\/p>\n\n\n\n<p>El portavoz afirm\u00f3 que \u201cEste tipo de movimientos son irresponsables y no contribuyen a la estabilidad regional\u201d. Los diez modernos aviones de guerra se enviar\u00e1n para llevar a cabo operaciones contra las organizaciones criminales en el Caribe designadas como narcoterroristas por Washington.L<strong>os aviones llegar\u00edan a finales de la pr\u00f3xima semana.<\/strong><\/p>\n\n\n\n<p>La decisi\u00f3n se enmarca en la\u00a0<strong>ofensiva antidrogas que el presidente Donald Trump prometi\u00f3 reforzar en Am\u00e9rica Latina y que ya ha dejado un fuerte despliegue de recursos militares.<\/strong>\u00a0Adem\u00e1s de los F-35, Washington mantiene en la zona siete buques de guerra y un submarino de ataque nuclear, con m\u00e1s de 6.500 efectivos de la Marina y el Cuerpo de Marines.<\/p>\n\n\n\n<p><\/p>\n\n\n\n<p><strong>El envi\u00f3 de los F-35, sin embargo, no encajan desde esta estrategia, pues son aviones de combate<\/strong>\u00a0utilizados m\u00e1s para escenarios de guerra. <strong>El F-35 Lightning II, en particular, es un avi\u00f3n de quinta generaci\u00f3n considerado uno de los m\u00e1s avanzados del mundo<\/strong>. Su tecnolog\u00eda furtiva (stealth) lo hace dif\u00edcil de detectar por radares enemigos, lo que le otorga una ventaja clave en operaciones de disuasi\u00f3n y ataque. Capaz de alcanzar velocidades supers\u00f3nicas y equipado con sensores de \u00faltima generaci\u00f3n, el F-35 puede desempe\u00f1ar m\u00faltiples funciones:<strong>\u00a0desde ataques de precisi\u00f3n y guerra electr\u00f3nica, hasta misiones de inteligencia,\u00a0<\/strong>vigilancia y reconocimiento.<\/p>\n\n\n\n<p>Su sistema de fusi\u00f3n de datos permite al piloto tener una visi\u00f3n completa del campo de batalla y coordinar operaciones con otras unidades a\u00e9reas y navales.<\/p>\n\n\n\n<p>Con esta adici\u00f3n<strong>, Estados Unidos busca reforzar su capacidad de respuesta en el Caribe&nbsp;<\/strong>en medio de crecientes fricciones con el r\u00e9gimen de Nicol\u00e1s Maduro, que acusa a Washington de utilizar la lucha antidrogas como pretexto para un cambio de r\u00e9gimen mediante la presi\u00f3n militar.<br><\/p>\n","protected":false},"excerpt":{"rendered":"<p>Este viernes, la tensi\u00f3n entre Estados Unidos y Venezuela creci\u00f3 luego del anuncio del despliegue de diez aviones de combate F-35\u00a0a una base a\u00e9rea en Puerto Rico.<\/p>\n","protected":false},"author":14,"featured_media":51534,"comment_status":"open","ping_status":"open","sticky":false,"template":"","format":"standard","meta":{"footnotes":""},"categories":[8],"tags":[42],"class_list":["post-51529","post","type-post","status-publish","format-standard","has-post-thumbnail","hentry","category-internacional","tag-internacional"],"_links":{"self":[{"href":"https:\/\/elmercuriomanta.ec\/index.php\/wp-json\/wp\/v2\/posts\/51529","targetHints":{"allow":["GET"]}}],"collection":[{"href":"https:\/\/elmercuriomanta.ec\/index.php\/wp-json\/wp\/v2\/posts"}],"about":[{"href":"https:\/\/elmercuriomanta.ec\/index.php\/wp-json\/wp\/v2\/types\/post"}],"author":[{"embeddable":true,"href":"https:\/\/elmercuriomanta.ec\/index.php\/wp-json\/wp\/v2\/users\/14"}],"replies":[{"embeddable":true,"href":"https:\/\/elmercuriomanta.ec\/index.php\/wp-json\/wp\/v2\/comments?post=51529"}],"version-history":[{"count":1,"href":"https:\/\/elmercuriomanta.ec\/index.php\/wp-json\/wp\/v2\/posts\/51529\/revisions"}],"predecessor-version":[{"id":51537,"href":"https:\/\/elmercuriomanta.ec\/index.php\/wp-json\/wp\/v2\/posts\/51529\/revisions\/51537"}],"wp:featuredmedia":[{"embeddable":true,"href":"https:\/\/elmercuriomanta.ec\/index.php\/wp-json\/wp\/v2\/media\/51534"}],"wp:attachment":[{"href":"https:\/\/elmercuriomanta.ec\/index.php\/wp-json\/wp\/v2\/media?parent=51529"}],"wp:term":[{"taxonomy":"category","embeddable":true,"href":"https:\/\/elmercuriomanta.ec\/index.php\/wp-json\/wp\/v2\/categories?post=51529"},{"taxonomy":"post_tag","embeddable":true,"href":"https:\/\/elmercuriomanta.ec\/index.php\/wp-json\/wp\/v2\/tags?post=51529"}],"curies":[{"name":"wp","href":"https:\/\/api.w.org\/{rel}","templated":true}]}}