{"id":51476,"date":"2025-09-04T11:55:42","date_gmt":"2025-09-04T16:55:42","guid":{"rendered":"https:\/\/elmercuriomanta.ec\/?p=51476"},"modified":"2025-09-04T11:55:42","modified_gmt":"2025-09-04T16:55:42","slug":"alias-el-quimico-capturado-era-el-vinculo-entre-del-cartel-de-los-balcanes-con-mafias-albanesas-en-sudamerica","status":"publish","type":"post","link":"https:\/\/elmercuriomanta.ec\/index.php\/2025\/09\/04\/alias-el-quimico-capturado-era-el-vinculo-entre-del-cartel-de-los-balcanes-con-mafias-albanesas-en-sudamerica\/","title":{"rendered":"Alias &#8216;El Qu\u00edmico&#8217; capturado: era el v\u00ednculo entre del cartel de los Balcanes con mafias albanesas en Sudam\u00e9rica"},"content":{"rendered":"\n<figure class=\"wp-block-image aligncenter size-full\"><img fetchpriority=\"high\" decoding=\"async\" width=\"832\" height=\"468\" src=\"https:\/\/elmercuriomanta.ec\/wp-content\/uploads\/2025\/09\/68b97d54d7ac4.jpeg\" alt=\"\" class=\"wp-image-51477\" srcset=\"https:\/\/elmercuriomanta.ec\/wp-content\/uploads\/2025\/09\/68b97d54d7ac4.jpeg 832w, https:\/\/elmercuriomanta.ec\/wp-content\/uploads\/2025\/09\/68b97d54d7ac4-300x169.jpeg 300w, https:\/\/elmercuriomanta.ec\/wp-content\/uploads\/2025\/09\/68b97d54d7ac4-768x432.jpeg 768w\" sizes=\"(max-width: 832px) 100vw, 832px\" \/><figcaption class=\"wp-element-caption\">Agentes de la Polic\u00eda de Colombia trasladan a Samir Rosales Rodr\u00edguez, alias \u2018El Qu\u00edmico\u2019, colombiano al servicio del Cartel de los Balcanes, en Bogot\u00e1 el 3 de septiembre de 2025. Foto Polic\u00eda Colombia<\/figcaption><\/figure>\n\n\n\n<p>Samir Rosales Rodr\u00edguez, alias &#8216;El Qu\u00edmico&#8217;, capturado en Colombia, era quien realizaba la log\u00edstica de m\u00faltiples cargamentos de coca\u00edna procedentes de Sudam\u00e9rica, seg\u00fan investigaciones policiales.<\/p>\n\n\n\n<p>A Rosales se lo acusa de ser el enlace entre los Balcanes y las mafias albanesas que tienen presencia en Sudam\u00e9rica.&nbsp;<\/p>\n\n\n\n<p>Tras un operativo coordinado entre las Oficinas de Interpol de Colombia, Ecuador y Albania, se captur\u00f3 a Rosales la noche de este mi\u00e9rcoles 3 de septiembre, as\u00ed lo inform\u00f3 Carlos Fernando Triana, director general de la Polic\u00eda colombiana.<\/p>\n\n\n\n<figure class=\"wp-block-embed aligncenter is-type-rich is-provider-twitter wp-block-embed-twitter\"><div class=\"wp-block-embed__wrapper\">\n<blockquote class=\"twitter-tweet\" data-width=\"550\" data-dnt=\"true\"><p lang=\"es\" dir=\"ltr\">\u00a1\ud835\uddd6\ud835\uddd4\ud835\uddec\ud835\udde2\u0301 \u2018\ud835\uddd8\ud835\udddf \ud835\udde4\ud835\udde8\ud835\udddc\u0301\ud835\udde0\ud835\udddc\ud835\uddd6\ud835\udde2\u2019 \ud835\uddd7\ud835\uddd8 \ud835\udddf\ud835\uddd4 \ud835\udde0\ud835\uddd4\ud835\uddd9\ud835\udddc\ud835\uddd4 \ud835\uddd7\ud835\uddd8 \ud835\udddf\ud835\udde2\ud835\udde6 \ud835\uddd5\ud835\uddd4\ud835\udddf\ud835\uddd6\ud835\uddd4\ud835\udde1\ud835\uddd8\ud835\udde6! En Bogot\u00e1, en desarrollo de la ofensiva contra el multicrimen y el delito, la <a href=\"https:\/\/twitter.com\/PoliciaColombia?ref_src=twsrc%5Etfw\">@PoliciaColombia<\/a>, en coordinaci\u00f3n entre las Oficinas Centrales Nacionales de <a href=\"https:\/\/twitter.com\/INTERPOL_HQ?ref_src=twsrc%5Etfw\">@INTERPOL_HQ<\/a> de Colombia, Ecuador y\u2026 <a href=\"https:\/\/t.co\/NWYpba9JHl\">pic.twitter.com\/NWYpba9JHl<\/a><\/p>&mdash; Mayor general Carlos Fernando Triana Beltr\u00e1n (@DirectorPolicia) <a href=\"https:\/\/twitter.com\/DirectorPolicia\/status\/1963284505487097996?ref_src=twsrc%5Etfw\">September 3, 2025<\/a><\/blockquote><script async src=\"https:\/\/platform.twitter.com\/widgets.js\" charset=\"utf-8\"><\/script>\n<\/div><\/figure>\n\n\n\n<p>Alias &#8216;El Qu\u00edmico&#8217; viajaba a Europa para coordinar los procesos de extracci\u00f3n de coca\u00edna oculta entre distintas sustancias, los cargamentos con droga eran procedentes del Pac\u00edfico colombiano y se transportaba camuflada, principalmente, entre fertilizantes org\u00e1nicos. El destino final de las sustancias era Albania.<\/p>\n\n\n\n<p>Samir Rosales Rodr\u00edguez es requerido por las autoridades de Albania por los delitos de tr\u00e1fico il\u00edcito de drogas y pertenencia a una organizaci\u00f3n criminal, es considerado un hombre clave de las mafias albanesas con presencia en la regi\u00f3n.<\/p>\n","protected":false},"excerpt":{"rendered":"<p>Samir Rosales Rodr\u00edguez, alias &#8216;El Qu\u00edmico&#8217;, capturado en Colombia, era quien realizaba la log\u00edstica de m\u00faltiples cargamentos de coca\u00edna procedentes de Sudam\u00e9rica, seg\u00fan investigaciones policiales.<\/p>\n","protected":false},"author":14,"featured_media":51477,"comment_status":"open","ping_status":"open","sticky":false,"template":"","format":"standard","meta":{"footnotes":""},"categories":[8],"tags":[42],"class_list":["post-51476","post","type-post","status-publish","format-standard","has-post-thumbnail","hentry","category-internacional","tag-internacional"],"_links":{"self":[{"href":"https:\/\/elmercuriomanta.ec\/index.php\/wp-json\/wp\/v2\/posts\/51476","targetHints":{"allow":["GET"]}}],"collection":[{"href":"https:\/\/elmercuriomanta.ec\/index.php\/wp-json\/wp\/v2\/posts"}],"about":[{"href":"https:\/\/elmercuriomanta.ec\/index.php\/wp-json\/wp\/v2\/types\/post"}],"author":[{"embeddable":true,"href":"https:\/\/elmercuriomanta.ec\/index.php\/wp-json\/wp\/v2\/users\/14"}],"replies":[{"embeddable":true,"href":"https:\/\/elmercuriomanta.ec\/index.php\/wp-json\/wp\/v2\/comments?post=51476"}],"version-history":[{"count":1,"href":"https:\/\/elmercuriomanta.ec\/index.php\/wp-json\/wp\/v2\/posts\/51476\/revisions"}],"predecessor-version":[{"id":51478,"href":"https:\/\/elmercuriomanta.ec\/index.php\/wp-json\/wp\/v2\/posts\/51476\/revisions\/51478"}],"wp:featuredmedia":[{"embeddable":true,"href":"https:\/\/elmercuriomanta.ec\/index.php\/wp-json\/wp\/v2\/media\/51477"}],"wp:attachment":[{"href":"https:\/\/elmercuriomanta.ec\/index.php\/wp-json\/wp\/v2\/media?parent=51476"}],"wp:term":[{"taxonomy":"category","embeddable":true,"href":"https:\/\/elmercuriomanta.ec\/index.php\/wp-json\/wp\/v2\/categories?post=51476"},{"taxonomy":"post_tag","embeddable":true,"href":"https:\/\/elmercuriomanta.ec\/index.php\/wp-json\/wp\/v2\/tags?post=51476"}],"curies":[{"name":"wp","href":"https:\/\/api.w.org\/{rel}","templated":true}]}}