{"id":51472,"date":"2025-09-04T11:16:31","date_gmt":"2025-09-04T16:16:31","guid":{"rendered":"https:\/\/elmercuriomanta.ec\/?p=51472"},"modified":"2025-09-04T11:16:31","modified_gmt":"2025-09-04T16:16:31","slug":"muere-un-icono-de-la-moda-giorgio-armani","status":"publish","type":"post","link":"https:\/\/elmercuriomanta.ec\/index.php\/2025\/09\/04\/muere-un-icono-de-la-moda-giorgio-armani\/","title":{"rendered":"Muere un \u00edcono de la moda: Giorgio Armani"},"content":{"rendered":"\n<figure class=\"wp-block-image aligncenter size-full\"><img fetchpriority=\"high\" decoding=\"async\" width=\"850\" height=\"543\" src=\"https:\/\/elmercuriomanta.ec\/wp-content\/uploads\/2025\/09\/armani_main.jpg\" alt=\"\" class=\"wp-image-51473\" srcset=\"https:\/\/elmercuriomanta.ec\/wp-content\/uploads\/2025\/09\/armani_main.jpg 850w, https:\/\/elmercuriomanta.ec\/wp-content\/uploads\/2025\/09\/armani_main-300x192.jpg 300w, https:\/\/elmercuriomanta.ec\/wp-content\/uploads\/2025\/09\/armani_main-768x491.jpg 768w\" sizes=\"(max-width: 850px) 100vw, 850px\" \/><\/figure>\n\n\n\n<p>Este jueves, el Grupo Armani confirm\u00f3 la muerte del fundador y fuerza creativa de la marca, Giorgio Armani. A los 91 a\u00f1os, el dise\u00f1ador falleci\u00f3 en su residencia en Italia.<\/p>\n\n\n\n<p>Uno de los dise\u00f1adores m\u00e1s influyentes de la moda europea, Armani revolucion\u00f3 el mercado e impuso tendencia en la forma en que vest\u00edan las mujeres para trabajar en los a\u00f1os ochenta. Su estilo se caracteriz\u00f3 por ser bastante sobrio y elegante en en las alfombras rojas.<\/p>\n\n\n\n<p>El \u00e9xito de Armani no se bas\u00f3 \u00fanicamente en sus dise\u00f1os, la l\u00ednea se expandi\u00f3 y creci\u00f3 como Emporio Armani, Armani Exchange y Armani Priv\u00e9, adem\u00e1s consta de perfumes, cosm\u00e9ticos, accesorios, hoteles de lujo y restaurantes. Armani se interpreta, hasta ahora, como estilo, elegancia y modernidad. El imperio se fund\u00f3 en 1975 junto a Sergio Galeotti.<\/p>\n\n\n\n<p>Antes de incursionar en la moda, Giorgio Armani estudi\u00f3 medicina, sin embargo, desde que se involucr\u00f3 en esta \u00e1rea, se mantuvo hasta el final de sus d\u00edas. Su primera experiencia en el mundo de la moda fue como escaparatista en los almacenes La Rinascente, en Mil\u00e1n. Luego trabaj\u00f3 con la firma Nino Cerruti, para posteriormente fundar su propia marca. El \u00e9xito le lleg\u00f3 en 1980 cuando visit\u00f3 a Richard Gere en American Gigolo, consolidando su v\u00ednculo con el cine y Hollywood.<\/p>\n\n\n\n<p>Giorgio Armani permaneci\u00f3 al frente de su compa\u00f1\u00eda hasta el final. No tuvo hijos, por lo que deja como herederos a sus sobrinas Roberta y Silvana Armani; y a su sobrino Andrea Camerana, como miembro de la junta directiva del grupo.<\/p>\n\n\n\n<figure class=\"wp-block-image aligncenter size-large is-resized\"><img decoding=\"async\" width=\"1024\" height=\"576\" src=\"https:\/\/elmercuriomanta.ec\/wp-content\/uploads\/2025\/09\/giorgio-armani-cumple-90-anos_98-1024x576.webp\" alt=\"\" class=\"wp-image-51474\" style=\"width:530px;height:auto\" srcset=\"https:\/\/elmercuriomanta.ec\/wp-content\/uploads\/2025\/09\/giorgio-armani-cumple-90-anos_98-1024x576.webp 1024w, https:\/\/elmercuriomanta.ec\/wp-content\/uploads\/2025\/09\/giorgio-armani-cumple-90-anos_98-300x169.webp 300w, https:\/\/elmercuriomanta.ec\/wp-content\/uploads\/2025\/09\/giorgio-armani-cumple-90-anos_98-768x432.webp 768w, https:\/\/elmercuriomanta.ec\/wp-content\/uploads\/2025\/09\/giorgio-armani-cumple-90-anos_98-1536x864.webp 1536w, https:\/\/elmercuriomanta.ec\/wp-content\/uploads\/2025\/09\/giorgio-armani-cumple-90-anos_98.webp 1900w\" sizes=\"(max-width: 1024px) 100vw, 1024px\" \/><\/figure>\n","protected":false},"excerpt":{"rendered":"<p>Este jueves, el Grupo Armani confirm\u00f3 la muerte del fundador y fuerza creativa de la marca, Giorgio Armani. A los 91 a\u00f1os, el dise\u00f1ador falleci\u00f3 en su residencia en Italia.<\/p>\n<p>Uno de los dise\u00f1adores m\u00e1s influyentes de la moda europea, Armani revolucion\u00f3 el mercado e impuso tendencia en la forma en que vest\u00edan las mujeres para trabajar en los a\u00f1os ochenta. Su estilo se caracteriz\u00f3 por ser bastante sobrio y elegante en en las alfombras rojas.<\/p>\n","protected":false},"author":14,"featured_media":51473,"comment_status":"open","ping_status":"open","sticky":false,"template":"","format":"standard","meta":{"footnotes":""},"categories":[8],"tags":[42],"class_list":["post-51472","post","type-post","status-publish","format-standard","has-post-thumbnail","hentry","category-internacional","tag-internacional"],"_links":{"self":[{"href":"https:\/\/elmercuriomanta.ec\/index.php\/wp-json\/wp\/v2\/posts\/51472","targetHints":{"allow":["GET"]}}],"collection":[{"href":"https:\/\/elmercuriomanta.ec\/index.php\/wp-json\/wp\/v2\/posts"}],"about":[{"href":"https:\/\/elmercuriomanta.ec\/index.php\/wp-json\/wp\/v2\/types\/post"}],"author":[{"embeddable":true,"href":"https:\/\/elmercuriomanta.ec\/index.php\/wp-json\/wp\/v2\/users\/14"}],"replies":[{"embeddable":true,"href":"https:\/\/elmercuriomanta.ec\/index.php\/wp-json\/wp\/v2\/comments?post=51472"}],"version-history":[{"count":1,"href":"https:\/\/elmercuriomanta.ec\/index.php\/wp-json\/wp\/v2\/posts\/51472\/revisions"}],"predecessor-version":[{"id":51475,"href":"https:\/\/elmercuriomanta.ec\/index.php\/wp-json\/wp\/v2\/posts\/51472\/revisions\/51475"}],"wp:featuredmedia":[{"embeddable":true,"href":"https:\/\/elmercuriomanta.ec\/index.php\/wp-json\/wp\/v2\/media\/51473"}],"wp:attachment":[{"href":"https:\/\/elmercuriomanta.ec\/index.php\/wp-json\/wp\/v2\/media?parent=51472"}],"wp:term":[{"taxonomy":"category","embeddable":true,"href":"https:\/\/elmercuriomanta.ec\/index.php\/wp-json\/wp\/v2\/categories?post=51472"},{"taxonomy":"post_tag","embeddable":true,"href":"https:\/\/elmercuriomanta.ec\/index.php\/wp-json\/wp\/v2\/tags?post=51472"}],"curies":[{"name":"wp","href":"https:\/\/api.w.org\/{rel}","templated":true}]}}