{"id":5132,"date":"2023-09-05T14:35:42","date_gmt":"2023-09-05T19:35:42","guid":{"rendered":"https:\/\/elmercuriomanta.ec\/?p=5132"},"modified":"2023-09-05T14:39:47","modified_gmt":"2023-09-05T19:39:47","slug":"la-segunda-valida-de-triatlon-ecuador-fue-un-tributo-a-agustin-intriago","status":"publish","type":"post","link":"https:\/\/elmercuriomanta.ec\/index.php\/2023\/09\/05\/la-segunda-valida-de-triatlon-ecuador-fue-un-tributo-a-agustin-intriago\/","title":{"rendered":"La segunda v\u00e1lida de triatl\u00f3n Ecuador fue un tributo a Agust\u00edn Intriago"},"content":{"rendered":"\n<figure class=\"wp-block-image aligncenter size-full\"><img fetchpriority=\"high\" decoding=\"async\" width=\"386\" height=\"232\" src=\"https:\/\/elmercuriomanta.ec\/wp-content\/uploads\/2023\/09\/image-40.png\" alt=\"\" class=\"wp-image-5133\" srcset=\"https:\/\/elmercuriomanta.ec\/wp-content\/uploads\/2023\/09\/image-40.png 386w, https:\/\/elmercuriomanta.ec\/wp-content\/uploads\/2023\/09\/image-40-300x180.png 300w\" sizes=\"(max-width: 386px) 100vw, 386px\" \/><\/figure>\n\n\n\n<p><\/p>\n\n\n\n<p>Los ecuatorianos Carlos y \u00d3scar Land\u00edvar llegaron este domingo desde Estados Unidos a competir en la segunda v\u00e1lida de la Copa Triatl\u00f3n Ecuador, en Manta. La largada de su grupo fue a las 07h30 desde la orilla de la playa El Murci\u00e9lago. As\u00ed como para los hermanos Land\u00edvar, la competencia para muchos era un prop\u00f3sito de resistencia y esfuerzo. En ese sentido, llegaron familias enteras. Se vieron escenas \u00fanicas, desde quien tomaba la foto hasta quien met\u00eda aire a la llanta; en s\u00ed, son visitantes que contribuyen al fortalecimiento de la actividad tur\u00edstica de Manta.<\/p>\n\n\n\n<p>M\u00e1s de 200 triatletas compitieron: hombres y mujeres de todo el pa\u00eds, muchos de los cuales figuran en el ranking nacional. Disputaron puntos con miras a clasificar al mundial de M\u00e1laga 2024, en Espa\u00f1a. Se evidencia, entonces, que Manta fortalece cada vez m\u00e1s su posici\u00f3n como Capital Nacional del Deporte.<\/p>\n\n\n\n<p>En la categor\u00eda Sprint se recorrieron 750 metros de nataci\u00f3n, 20 kil\u00f3metros en bicicleta y 5 km de carrera a pie; y en la distancia Ol\u00edmpica el circuito comprendi\u00f3 1.500 metros de nataci\u00f3n, 40 km de ciclismo y 10 km a pie, inform\u00f3 Pedro Vera, gerente de Endepro, empresa organizadora que cuenta con el aval de la Federaci\u00f3n Ecuatoriana de Triatl\u00f3n. Vera resalt\u00f3 las condiciones que hacen id\u00f3nea a Manta para la realizaci\u00f3n de este tipo de eventos y las facilidades brindadas desde la Alcald\u00eda de Manta.<\/p>\n\n\n\n<p>\u00abEste a\u00f1o esta v\u00e1lida es un tributo al alcalde Agust\u00edn Intriago y su aporte al deporte\u00bb, dijo. Tanto en bicicleta como en carretera, la ruta que parti\u00f3 desde el Malec\u00f3n Esc\u00e9nico se extendi\u00f3 hasta el redondel de Playita M\u00eda.<\/p>\n\n\n\n<div class=\"wp-block-essential-blocks-social\"><div class=\"eb-parent-wrapper eb-parent-eb-social-links-9acwtvx \"><div class=\"eb-social-links-9acwtvx eb-social-links-wrapper\"><ul class=\"eb-socials\"><li><a class=\"facebook-f-original  \" href=\"\/\/www.facebook.com\/YoSoyElMercurio\/?locale=es_LA\" target=\"_blank\" rel=\"noopener\"><i class=\"hvr-icon eb-social-icon fab fa-facebook-f\"><\/i><\/a><\/li><li><a class=\"twitter-original  \" href=\"\/\/twitter.com\/elmercuriomanta\" target=\"_blank\" rel=\"noopener\"><i class=\"hvr-icon eb-social-icon fab fa-twitter\"><\/i><\/a><\/li><li><a class=\"instagram-original  \" href=\"\/\/www.instagram.com\/elmercuriomanta\/?hl=es\" target=\"_blank\" rel=\"noopener\"><i class=\"hvr-icon eb-social-icon fab fa-instagram\"><\/i><\/a><\/li><\/ul><\/div><\/div><\/div>\n","protected":false},"excerpt":{"rendered":"<p>Los ecuatorianos Carlos y \u00d3scar Land\u00edvar llegaron este domingo desde Estados Unidos a competir en la segunda v\u00e1lida de la Copa Triatl\u00f3n Ecuador, en Manta. La largada de su grupo fue a las 07h30 desde la orilla de la playa El Murci\u00e9lago. As\u00ed como para los hermanos Land\u00edvar, la competencia para muchos era un prop\u00f3sito [&hellip;]<\/p>\n","protected":false},"author":12,"featured_media":0,"comment_status":"open","ping_status":"open","sticky":false,"template":"","format":"standard","meta":{"footnotes":""},"categories":[1],"tags":[],"class_list":["post-5132","post","type-post","status-publish","format-standard","hentry","category-uncategorized"],"_links":{"self":[{"href":"https:\/\/elmercuriomanta.ec\/index.php\/wp-json\/wp\/v2\/posts\/5132","targetHints":{"allow":["GET"]}}],"collection":[{"href":"https:\/\/elmercuriomanta.ec\/index.php\/wp-json\/wp\/v2\/posts"}],"about":[{"href":"https:\/\/elmercuriomanta.ec\/index.php\/wp-json\/wp\/v2\/types\/post"}],"author":[{"embeddable":true,"href":"https:\/\/elmercuriomanta.ec\/index.php\/wp-json\/wp\/v2\/users\/12"}],"replies":[{"embeddable":true,"href":"https:\/\/elmercuriomanta.ec\/index.php\/wp-json\/wp\/v2\/comments?post=5132"}],"version-history":[{"count":2,"href":"https:\/\/elmercuriomanta.ec\/index.php\/wp-json\/wp\/v2\/posts\/5132\/revisions"}],"predecessor-version":[{"id":5135,"href":"https:\/\/elmercuriomanta.ec\/index.php\/wp-json\/wp\/v2\/posts\/5132\/revisions\/5135"}],"wp:attachment":[{"href":"https:\/\/elmercuriomanta.ec\/index.php\/wp-json\/wp\/v2\/media?parent=5132"}],"wp:term":[{"taxonomy":"category","embeddable":true,"href":"https:\/\/elmercuriomanta.ec\/index.php\/wp-json\/wp\/v2\/categories?post=5132"},{"taxonomy":"post_tag","embeddable":true,"href":"https:\/\/elmercuriomanta.ec\/index.php\/wp-json\/wp\/v2\/tags?post=5132"}],"curies":[{"name":"wp","href":"https:\/\/api.w.org\/{rel}","templated":true}]}}