{"id":5122,"date":"2023-09-05T11:35:02","date_gmt":"2023-09-05T16:35:02","guid":{"rendered":"https:\/\/elmercuriomanta.ec\/?p=5122"},"modified":"2023-09-05T11:35:02","modified_gmt":"2023-09-05T16:35:02","slug":"16-trenes-del-metro-de-quito-estan-en-capacidad-de-funcionar-sobre-rieles","status":"publish","type":"post","link":"https:\/\/elmercuriomanta.ec\/index.php\/2023\/09\/05\/16-trenes-del-metro-de-quito-estan-en-capacidad-de-funcionar-sobre-rieles\/","title":{"rendered":"16 trenes del Metro de Quito est\u00e1n en capacidad de funcionar sobre rieles"},"content":{"rendered":"\n<figure class=\"wp-block-image aligncenter size-full is-resized\"><img fetchpriority=\"high\" decoding=\"async\" src=\"https:\/\/elmercuriomanta.ec\/wp-content\/uploads\/2023\/09\/image-37.png\" alt=\"\" class=\"wp-image-5123\" style=\"width:479px;height:319px\" width=\"479\" height=\"319\" srcset=\"https:\/\/elmercuriomanta.ec\/wp-content\/uploads\/2023\/09\/image-37.png 768w, https:\/\/elmercuriomanta.ec\/wp-content\/uploads\/2023\/09\/image-37-300x200.png 300w\" sizes=\"(max-width: 479px) 100vw, 479px\" \/><\/figure>\n\n\n\n<p>La primera semana de diciembre deber\u00eda empezar a circular este sistema de transporte.<\/p>\n\n\n\n<p>El alcalde de Quito, Pabel Mu\u00f1oz, asegur\u00f3 este lunes 4 de septiembre de 2023, que 16 trenes del Metro de Quito est\u00e1n en capacidad de funcionar ya sobre las rieles. Lo hizo tras monitorear la hoja de ruta para la operaci\u00f3n comercial de este medio de transporte tan esperado por los quite\u00f1os.<\/p>\n\n\n\n<p>\u201cEl t\u00e9rmino t\u00e9cnico es poner a punto los 18 trenes, hablo de 16 porque dos quedar\u00e1n para reserva. Los trenes estuvieron desde la semana anterior en funcionamiento. Hoy veremos todo tipo de detalles, que t\u00e9cnicamente est\u00e9 bien, que todos los trenes est\u00e9n prendidos y operando en las rieles, con la certificaci\u00f3n internacional\u201d, expres\u00f3.<\/p>\n\n\n\n<p>Record\u00f3 la importancia de esto, ya que, seg\u00fan Mu\u00f1oz, los viajes iniciales se realizaron con cuatro trenes.<\/p>\n\n\n\n<p>\u201cHab\u00eda un litigio con la empresa que nos vendi\u00f3 los trenes y hubo que llegar a un acuerdo en una instancia de mediaci\u00f3n y hoy con un contrato adicional ya est\u00e1n a punto los 16 trenes\u201d, a\u00f1adi\u00f3.<\/p>\n\n\n\n<p>El Alcalde revis\u00f3 el funcionamiento de la tarjeta de la ciudad y sus avances. Coment\u00f3 que la meta es imprimir un mill\u00f3n de tarjetas para que se utilicen no solo en el Metro, tambi\u00e9n en otros servicios.<\/p>\n\n\n\n<p>Se prev\u00e9 que el arranque de este sistema de transporte se lleve a cabo la primera semana de diciembre de este a\u00f1o.<\/p>\n\n\n\n<div class=\"wp-block-essential-blocks-social\"><div class=\"eb-parent-wrapper eb-parent-eb-social-links-wu4dv01 \"><div class=\"eb-social-links-wu4dv01 eb-social-links-wrapper\"><ul class=\"eb-socials\"><li><a class=\"facebook-f-original  \" href=\"\/\/www.facebook.com\/YoSoyElMercurio\/?locale=es_LA\" target=\"_blank\" rel=\"noopener\"><i class=\"hvr-icon eb-social-icon fab fa-facebook-f\"><\/i><\/a><\/li><li><a class=\"twitter-original  \" href=\"\/\/twitter.com\/elmercuriomanta\" target=\"_blank\" rel=\"noopener\"><i class=\"hvr-icon eb-social-icon fab fa-twitter\"><\/i><\/a><\/li><li><a class=\"instagram-original  \" href=\"\/\/www.instagram.com\/elmercuriomanta\/?hl=es\" target=\"_blank\" rel=\"noopener\"><i class=\"hvr-icon eb-social-icon fab fa-instagram\"><\/i><\/a><\/li><\/ul><\/div><\/div><\/div>\n","protected":false},"excerpt":{"rendered":"<p>El alcalde de Quito, Pabel Mu\u00f1oz, asegur\u00f3 este lunes 4 de septiembre de 2023, que 16 trenes del Metro de Quito est\u00e1n en capacidad de funcionar ya sobre las rieles. Lo hizo tras monitorear la hoja de ruta para la operaci\u00f3n comercial de este medio de transporte tan esperado por los quite\u00f1os.<\/p>\n","protected":false},"author":12,"featured_media":5123,"comment_status":"open","ping_status":"open","sticky":false,"template":"","format":"standard","meta":{"footnotes":""},"categories":[19],"tags":[],"class_list":["post-5122","post","type-post","status-publish","format-standard","has-post-thumbnail","hentry","category-portada-1"],"_links":{"self":[{"href":"https:\/\/elmercuriomanta.ec\/index.php\/wp-json\/wp\/v2\/posts\/5122","targetHints":{"allow":["GET"]}}],"collection":[{"href":"https:\/\/elmercuriomanta.ec\/index.php\/wp-json\/wp\/v2\/posts"}],"about":[{"href":"https:\/\/elmercuriomanta.ec\/index.php\/wp-json\/wp\/v2\/types\/post"}],"author":[{"embeddable":true,"href":"https:\/\/elmercuriomanta.ec\/index.php\/wp-json\/wp\/v2\/users\/12"}],"replies":[{"embeddable":true,"href":"https:\/\/elmercuriomanta.ec\/index.php\/wp-json\/wp\/v2\/comments?post=5122"}],"version-history":[{"count":1,"href":"https:\/\/elmercuriomanta.ec\/index.php\/wp-json\/wp\/v2\/posts\/5122\/revisions"}],"predecessor-version":[{"id":5124,"href":"https:\/\/elmercuriomanta.ec\/index.php\/wp-json\/wp\/v2\/posts\/5122\/revisions\/5124"}],"wp:featuredmedia":[{"embeddable":true,"href":"https:\/\/elmercuriomanta.ec\/index.php\/wp-json\/wp\/v2\/media\/5123"}],"wp:attachment":[{"href":"https:\/\/elmercuriomanta.ec\/index.php\/wp-json\/wp\/v2\/media?parent=5122"}],"wp:term":[{"taxonomy":"category","embeddable":true,"href":"https:\/\/elmercuriomanta.ec\/index.php\/wp-json\/wp\/v2\/categories?post=5122"},{"taxonomy":"post_tag","embeddable":true,"href":"https:\/\/elmercuriomanta.ec\/index.php\/wp-json\/wp\/v2\/tags?post=5122"}],"curies":[{"name":"wp","href":"https:\/\/api.w.org\/{rel}","templated":true}]}}