{"id":51019,"date":"2025-08-28T11:12:01","date_gmt":"2025-08-28T16:12:01","guid":{"rendered":"https:\/\/elmercuriomanta.ec\/?p=51019"},"modified":"2025-08-28T11:12:01","modified_gmt":"2025-08-28T16:12:01","slug":"menor-que-asesino-a-miguel-uribe-turbay-es-sancionado-con-7-anos-de-privacion-de-la-libertad","status":"publish","type":"post","link":"https:\/\/elmercuriomanta.ec\/index.php\/2025\/08\/28\/menor-que-asesino-a-miguel-uribe-turbay-es-sancionado-con-7-anos-de-privacion-de-la-libertad\/","title":{"rendered":"Menor que asesin\u00f3 a Miguel Uribe Turbay es sancionado con 7 a\u00f1os de \u00abprivaci\u00f3n de la libertad\u00bb"},"content":{"rendered":"\n<figure class=\"wp-block-image aligncenter size-large is-resized\"><img fetchpriority=\"high\" decoding=\"async\" width=\"1024\" height=\"683\" src=\"https:\/\/elmercuriomanta.ec\/wp-content\/uploads\/2025\/08\/adae59125410e38b772d0a0071453a9d-1024x683.webp\" alt=\"\" class=\"wp-image-51023\" style=\"width:546px;height:auto\" srcset=\"https:\/\/elmercuriomanta.ec\/wp-content\/uploads\/2025\/08\/adae59125410e38b772d0a0071453a9d-1024x683.webp 1024w, https:\/\/elmercuriomanta.ec\/wp-content\/uploads\/2025\/08\/adae59125410e38b772d0a0071453a9d-300x200.webp 300w, https:\/\/elmercuriomanta.ec\/wp-content\/uploads\/2025\/08\/adae59125410e38b772d0a0071453a9d-768x512.webp 768w, https:\/\/elmercuriomanta.ec\/wp-content\/uploads\/2025\/08\/adae59125410e38b772d0a0071453a9d.webp 1242w\" sizes=\"(max-width: 1024px) 100vw, 1024px\" \/><\/figure>\n\n\n\n<p>El menor que asesin\u00f3 al senador y precandidato presidencial colombiano Miguel Uribe Turbay fue sancionado este mi\u00e9rcoles con siete a\u00f1os de privaci\u00f3n de la libertad por los delitos de homicidio en grado de tentativa y fabricaci\u00f3n, tr\u00e1fico, porte o tenencia de armas de fuego.<\/p>\n\n\n\n<p>La Fiscal\u00eda detall\u00f3 en un comunicado que por la sanci\u00f3n \u00abel menor de edad deber\u00e1 permanecer siete a\u00f1os privado de libertad en un centro de atenci\u00f3n especializada\u00bb.<\/p>\n\n\n\n<p>El sicario, seg\u00fan las autoridades, es un joven de 15 a\u00f1os cuyo nombre se mantiene en reserva por su condici\u00f3n de menor de edad y que fue capturado en flagrancia el pasado 7 de junio en Bogot\u00e1, minutos despu\u00e9s del atentado contra el senador del partido opositor de derecha Centro Democr\u00e1tico.<\/p>\n\n\n\n<p>La sentencia, emitida tan s\u00f3lo 80 d\u00edas despu\u00e9s del atentado a tiros en el que Uribe Turbay sufri\u00f3 graves heridas en la cabeza que le causaron la muerte el pasado 11 de agosto, se debe a que su proceso lo tramit\u00f3 el Sistema de Responsabilidad Penal para Adolescentes, que en Colombia juzga a j\u00f3venes de 14 a 18 a\u00f1os, con penas de hasta ocho a\u00f1os en centros especializados.<\/p>\n","protected":false},"excerpt":{"rendered":"<p>El menor que asesin\u00f3 al senador y precandidato presidencial colombiano Miguel Uribe Turbay fue sancionado este mi\u00e9rcoles con siete a\u00f1os de privaci\u00f3n de la libertad por los delitos de homicidio en grado de tentativa y fabricaci\u00f3n, tr\u00e1fico, porte o tenencia de armas de fuego.<\/p>\n","protected":false},"author":14,"featured_media":51023,"comment_status":"open","ping_status":"open","sticky":false,"template":"","format":"standard","meta":{"footnotes":""},"categories":[8],"tags":[42],"class_list":["post-51019","post","type-post","status-publish","format-standard","has-post-thumbnail","hentry","category-internacional","tag-internacional"],"_links":{"self":[{"href":"https:\/\/elmercuriomanta.ec\/index.php\/wp-json\/wp\/v2\/posts\/51019","targetHints":{"allow":["GET"]}}],"collection":[{"href":"https:\/\/elmercuriomanta.ec\/index.php\/wp-json\/wp\/v2\/posts"}],"about":[{"href":"https:\/\/elmercuriomanta.ec\/index.php\/wp-json\/wp\/v2\/types\/post"}],"author":[{"embeddable":true,"href":"https:\/\/elmercuriomanta.ec\/index.php\/wp-json\/wp\/v2\/users\/14"}],"replies":[{"embeddable":true,"href":"https:\/\/elmercuriomanta.ec\/index.php\/wp-json\/wp\/v2\/comments?post=51019"}],"version-history":[{"count":1,"href":"https:\/\/elmercuriomanta.ec\/index.php\/wp-json\/wp\/v2\/posts\/51019\/revisions"}],"predecessor-version":[{"id":51027,"href":"https:\/\/elmercuriomanta.ec\/index.php\/wp-json\/wp\/v2\/posts\/51019\/revisions\/51027"}],"wp:featuredmedia":[{"embeddable":true,"href":"https:\/\/elmercuriomanta.ec\/index.php\/wp-json\/wp\/v2\/media\/51023"}],"wp:attachment":[{"href":"https:\/\/elmercuriomanta.ec\/index.php\/wp-json\/wp\/v2\/media?parent=51019"}],"wp:term":[{"taxonomy":"category","embeddable":true,"href":"https:\/\/elmercuriomanta.ec\/index.php\/wp-json\/wp\/v2\/categories?post=51019"},{"taxonomy":"post_tag","embeddable":true,"href":"https:\/\/elmercuriomanta.ec\/index.php\/wp-json\/wp\/v2\/tags?post=51019"}],"curies":[{"name":"wp","href":"https:\/\/api.w.org\/{rel}","templated":true}]}}