{"id":50966,"date":"2025-08-27T17:40:06","date_gmt":"2025-08-27T22:40:06","guid":{"rendered":"https:\/\/elmercuriomanta.ec\/?p=50966"},"modified":"2025-08-27T17:40:06","modified_gmt":"2025-08-27T22:40:06","slug":"ecuatorianos-brillan-en-nueva-york-hector-delgado-entre-los-homenajeados-por-eric-adams","status":"publish","type":"post","link":"https:\/\/elmercuriomanta.ec\/index.php\/2025\/08\/27\/ecuatorianos-brillan-en-nueva-york-hector-delgado-entre-los-homenajeados-por-eric-adams\/","title":{"rendered":"Ecuatorianos brillan en\u00a0 Nueva York : H\u00e9ctor Delgado entre los homenajeados por Eric Adams\u00a0"},"content":{"rendered":"\n<figure class=\"wp-block-image aligncenter size-large is-resized\"><img fetchpriority=\"high\" decoding=\"async\" width=\"768\" height=\"1024\" src=\"https:\/\/elmercuriomanta.ec\/wp-content\/uploads\/2025\/08\/WhatsApp-Image-2025-08-27-at-15.49.03-1-768x1024.jpeg\" alt=\"\" class=\"wp-image-50968\" style=\"width:260px;height:auto\" srcset=\"https:\/\/elmercuriomanta.ec\/wp-content\/uploads\/2025\/08\/WhatsApp-Image-2025-08-27-at-15.49.03-1-768x1024.jpeg 768w, https:\/\/elmercuriomanta.ec\/wp-content\/uploads\/2025\/08\/WhatsApp-Image-2025-08-27-at-15.49.03-1-225x300.jpeg 225w, https:\/\/elmercuriomanta.ec\/wp-content\/uploads\/2025\/08\/WhatsApp-Image-2025-08-27-at-15.49.03-1-1152x1536.jpeg 1152w, https:\/\/elmercuriomanta.ec\/wp-content\/uploads\/2025\/08\/WhatsApp-Image-2025-08-27-at-15.49.03-1.jpeg 1200w\" sizes=\"(max-width: 768px) 100vw, 768px\" \/><figcaption class=\"wp-element-caption\">H\u00e9ctor Delgado entre los homenajeados por Eric Adams\u00a0<br><\/figcaption><\/figure>\n\n\n\n<p>El alcalde de Nueva York, Eric Adams, ofreci\u00f3 este martes en Gracia Mansi\u00f3n una recepci\u00f3n para destacar la herencia ecuatoriana en la Gran Manzana.<\/p>\n\n\n\n<p>\u201cLos neoyorquinos ecuatorianos aportan a nuestra ciudad tradiciones vibrantes, una rica historia y un profundo orgullo comunitario. Celebramos sus contribuciones, que aportan a hacer de Nueva York una ciudad m\u00e1s fuerte, m\u00e1s brillante y m\u00e1s unida\u201d, dijo Adams junto al concejal Francisco Moya, a quien el alcalde elogi\u00f3 como co-anfitri\u00f3n del acto.<\/p>\n\n\n\n<figure class=\"wp-block-gallery has-nested-images columns-default is-cropped wp-block-gallery-1 is-layout-flex wp-block-gallery-is-layout-flex\">\n<figure class=\"wp-block-image size-large\"><img decoding=\"async\" width=\"1024\" height=\"768\" data-id=\"50970\" src=\"https:\/\/elmercuriomanta.ec\/wp-content\/uploads\/2025\/08\/foto-1-1024x768.jpg\" alt=\"\" class=\"wp-image-50970\" srcset=\"https:\/\/elmercuriomanta.ec\/wp-content\/uploads\/2025\/08\/foto-1-1024x768.jpg 1024w, https:\/\/elmercuriomanta.ec\/wp-content\/uploads\/2025\/08\/foto-1-300x225.jpg 300w, https:\/\/elmercuriomanta.ec\/wp-content\/uploads\/2025\/08\/foto-1-768x576.jpg 768w, https:\/\/elmercuriomanta.ec\/wp-content\/uploads\/2025\/08\/foto-1-1536x1152.jpg 1536w, https:\/\/elmercuriomanta.ec\/wp-content\/uploads\/2025\/08\/foto-1-2048x1536.jpg 2048w\" sizes=\"(max-width: 1024px) 100vw, 1024px\" \/><figcaption class=\"wp-element-caption\"><mark style=\"background-color:rgba(0, 0, 0, 0)\" class=\"has-inline-color has-white-color\"><strong>El alcalde Eric Adams y el concejal Francisco Moya, posan junto a varios ecuatorianos que fueron distinguidos en el evento.<\/strong><br><\/mark><\/figcaption><\/figure>\n\n\n\n<figure class=\"wp-block-image size-large\"><img decoding=\"async\" width=\"768\" height=\"1024\" data-id=\"50969\" src=\"https:\/\/elmercuriomanta.ec\/wp-content\/uploads\/2025\/08\/foto-3-768x1024.jpg\" alt=\"\" class=\"wp-image-50969\" srcset=\"https:\/\/elmercuriomanta.ec\/wp-content\/uploads\/2025\/08\/foto-3-768x1024.jpg 768w, https:\/\/elmercuriomanta.ec\/wp-content\/uploads\/2025\/08\/foto-3-225x300.jpg 225w, https:\/\/elmercuriomanta.ec\/wp-content\/uploads\/2025\/08\/foto-3-1152x1536.jpg 1152w, https:\/\/elmercuriomanta.ec\/wp-content\/uploads\/2025\/08\/foto-3-1536x2048.jpg 1536w, https:\/\/elmercuriomanta.ec\/wp-content\/uploads\/2025\/08\/foto-3-scaled.jpg 1920w\" sizes=\"(max-width: 768px) 100vw, 768px\" \/><figcaption class=\"wp-element-caption\"><strong>El concejal Francisco Moya, junto a su madre, acompa\u00f1ados del alcalde de Nueva York<\/strong><br><\/figcaption><\/figure>\n<\/figure>\n\n\n\n<p>En medio del crisol de nacionalidades, la ecuatoriana \u201ctiene una historia de gran significancia en Nueva York\u201d, agreg\u00f3 el alcalde al tiempo subrayar el liderazgo de Moya, como \u201cel primer concejal ecuatoriano en la historia del Concejo Municipal neoyorquino y el primero de este origen en ser electo a una funci\u00f3n p\u00fablica en Estados Unidos\u201d.<\/p>\n\n\n\n<p>Adams destac\u00f3 que era la primera vez que en Gracie Mansion se celebraba una recepci\u00f3n en tributo a los ecuatorianos.<\/p>\n\n\n\n<p>\u201cLa presencia ecuatoriana en la ciudad es de gran relevancia\u201d, agreg\u00f3 el alcalde al citar que cada vez m\u00e1s ecuatorianos se desempe\u00f1an en el gobierno local. \u201cTenemos ecuatorianos en los departamentos de Polic\u00eda, de Bomberos, Salud y Educaci\u00f3n\u201d.<\/p>\n\n\n\n<p>Gracie Mansion ha sido desde 1942 la residencia oficial de los alcaldes de la ciudad de Nueva York.&nbsp;<\/p>\n\n\n\n<p>Para enfatizar sus v\u00ednculos con la comunidad ecuatoriana, el alcalde, record\u00f3 que visit\u00f3 Ecuador el a\u00f1o 2023.<\/p>\n\n\n\n<figure class=\"wp-block-image aligncenter size-large is-resized\"><img loading=\"lazy\" decoding=\"async\" width=\"768\" height=\"1024\" src=\"https:\/\/elmercuriomanta.ec\/wp-content\/uploads\/2025\/08\/foto-4-768x1024.jpg\" alt=\"\" class=\"wp-image-50971\" style=\"width:252px;height:auto\" srcset=\"https:\/\/elmercuriomanta.ec\/wp-content\/uploads\/2025\/08\/foto-4-768x1024.jpg 768w, https:\/\/elmercuriomanta.ec\/wp-content\/uploads\/2025\/08\/foto-4-225x300.jpg 225w, https:\/\/elmercuriomanta.ec\/wp-content\/uploads\/2025\/08\/foto-4-1152x1536.jpg 1152w, https:\/\/elmercuriomanta.ec\/wp-content\/uploads\/2025\/08\/foto-4-1536x2048.jpg 1536w, https:\/\/elmercuriomanta.ec\/wp-content\/uploads\/2025\/08\/foto-4-scaled.jpg 1920w\" sizes=\"(max-width: 768px) 100vw, 768px\" \/><figcaption class=\"wp-element-caption\">El alcalde de Nueva York, Eric Adams, recibe una r\u00e9plica de la Silla mante\u00f1a por parte del periodista, David Ram\u00edrez.<\/figcaption><\/figure>\n\n\n\n<p>A su turno el edil Moya trajo su historia familiar para ejemplificar la experiencia de ser inmigrante y forjar un destino en Nueva York.<\/p>\n\n\n\n<p>\u201cMis padres llegaron aqu\u00ed con la meta de trabajar y forjar una familia. Mi padre luch\u00f3 por este pa\u00eds en Vietnam, mientras mi madre luch\u00f3 para que no nos faltara nada durante ese tiempo y hoy estamos aqu\u00ed\u201d, expres\u00f3 Moya.<\/p>\n\n\n\n<p>Moya representa desde el a\u00f1o 2018 al Distrito 21 de Queens que comprende los vecindarios de de Corona, Elmhurst, East Elmhurst y Jackson Heights; y entre los a\u00f1os 2011-2017, fue miembro de la Asamblea Estatal de Nueva York, por el Distrito 39.<\/p>\n\n\n\n<p>Durante el evento, varios ecuatorianos fueron distinguidos por su trayectoria en la ciudad de Nueva York, entre ellos el empresario manabita H\u00e9ctor Delgado.<\/p>\n\n\n\n<p>El embajador, Jos\u00e9 Sandoval, C\u00f3nsul General de Ecuador en Nueva York, fue el encargado de ofrecer el discurso de agradecimiento a nombre del pa\u00eds.<\/p>\n\n\n\n<p>Por su parte, el periodista David Ram\u00edrez, obsequi\u00f3 una r\u00e9plica de la Silla Mante\u00f1a y un sombrero de paja toquilla al alcalde Eric Adams, dos elementos ampliamente conocidos como s\u00edmbolos de la cultura y ecuatorianidad en el mundo.<\/p>\n","protected":false},"excerpt":{"rendered":"<p>El alcalde de Nueva York, Eric Adams, ofreci\u00f3 este martes en Gracia Mansi\u00f3n una recepci\u00f3n para destacar la herencia ecuatoriana en la Gran Manzana.<\/p>\n","protected":false},"author":14,"featured_media":50968,"comment_status":"open","ping_status":"open","sticky":false,"template":"","format":"standard","meta":{"footnotes":""},"categories":[8,19],"tags":[42],"class_list":["post-50966","post","type-post","status-publish","format-standard","has-post-thumbnail","hentry","category-internacional","category-portada-1","tag-internacional"],"_links":{"self":[{"href":"https:\/\/elmercuriomanta.ec\/index.php\/wp-json\/wp\/v2\/posts\/50966","targetHints":{"allow":["GET"]}}],"collection":[{"href":"https:\/\/elmercuriomanta.ec\/index.php\/wp-json\/wp\/v2\/posts"}],"about":[{"href":"https:\/\/elmercuriomanta.ec\/index.php\/wp-json\/wp\/v2\/types\/post"}],"author":[{"embeddable":true,"href":"https:\/\/elmercuriomanta.ec\/index.php\/wp-json\/wp\/v2\/users\/14"}],"replies":[{"embeddable":true,"href":"https:\/\/elmercuriomanta.ec\/index.php\/wp-json\/wp\/v2\/comments?post=50966"}],"version-history":[{"count":1,"href":"https:\/\/elmercuriomanta.ec\/index.php\/wp-json\/wp\/v2\/posts\/50966\/revisions"}],"predecessor-version":[{"id":50972,"href":"https:\/\/elmercuriomanta.ec\/index.php\/wp-json\/wp\/v2\/posts\/50966\/revisions\/50972"}],"wp:featuredmedia":[{"embeddable":true,"href":"https:\/\/elmercuriomanta.ec\/index.php\/wp-json\/wp\/v2\/media\/50968"}],"wp:attachment":[{"href":"https:\/\/elmercuriomanta.ec\/index.php\/wp-json\/wp\/v2\/media?parent=50966"}],"wp:term":[{"taxonomy":"category","embeddable":true,"href":"https:\/\/elmercuriomanta.ec\/index.php\/wp-json\/wp\/v2\/categories?post=50966"},{"taxonomy":"post_tag","embeddable":true,"href":"https:\/\/elmercuriomanta.ec\/index.php\/wp-json\/wp\/v2\/tags?post=50966"}],"curies":[{"name":"wp","href":"https:\/\/api.w.org\/{rel}","templated":true}]}}