{"id":50818,"date":"2025-08-25T16:03:54","date_gmt":"2025-08-25T21:03:54","guid":{"rendered":"https:\/\/elmercuriomanta.ec\/?p=50818"},"modified":"2025-08-25T16:51:59","modified_gmt":"2025-08-25T21:51:59","slug":"el-mayo-zambada-se-declara-culpable-admitio-50-anos-de-liderazgo-del-cartel-de-sinaloa","status":"publish","type":"post","link":"https:\/\/elmercuriomanta.ec\/index.php\/2025\/08\/25\/el-mayo-zambada-se-declara-culpable-admitio-50-anos-de-liderazgo-del-cartel-de-sinaloa\/","title":{"rendered":"\u201cEl Mayo\u201d Zambada se declara culpable : Admiti\u00f3 50 a\u00f1os de liderazgo del C\u00e1rtel de Sinaloa"},"content":{"rendered":"\n<figure class=\"wp-block-image aligncenter size-full is-resized\"><img fetchpriority=\"high\" decoding=\"async\" width=\"992\" height=\"661\" src=\"https:\/\/elmercuriomanta.ec\/wp-content\/uploads\/2025\/08\/image-262.png\" alt=\"\" class=\"wp-image-50823\" style=\"width:291px;height:auto\" srcset=\"https:\/\/elmercuriomanta.ec\/wp-content\/uploads\/2025\/08\/image-262.png 992w, https:\/\/elmercuriomanta.ec\/wp-content\/uploads\/2025\/08\/image-262-300x200.png 300w, https:\/\/elmercuriomanta.ec\/wp-content\/uploads\/2025\/08\/image-262-768x512.png 768w\" sizes=\"(max-width: 992px) 100vw, 992px\" \/><\/figure>\n\n\n\n<p> Ismael Zambada Garc\u00eda fundador del C\u00e1rtel de Sinaloa pasar\u00e1 cadena perpetua en prisi\u00f3n. Tras confesar que durante 50 a\u00f1os he dirigido una gran red criminal al declararse culpable. <\/p>\n\n\n\n<p>Fue acusado de dirigir una red criminal que vend\u00eda coca\u00edna, hero\u00edna y otras drogas ilegales.<\/p>\n\n\n\n<p>Ismael Zambada Garc\u00eda, un fundador del C\u00e1rtel de Sinaloa que durante d\u00e9cadas eludi\u00f3 a las autoridades mexicanas y estadounidenses.<\/p>\n\n\n\n<p>El Mayo, tambi\u00e9n ayud\u00f3 a fundar el c\u00e1rtel hace d\u00e9cadas con Joaqu\u00edn Guzm\u00e1n Loera, tambi\u00e9n conocido como el Chapo. La sofisticada red criminal que cre\u00f3 que traficaba con coca\u00edna, hero\u00edna y otras drogas ilegales a trav\u00e9s de la frontera con Estados Unidos, ejerciendo el poder mediante asesinatos en masa y corrupci\u00f3n de pol\u00edticos para proteger.<\/p>\n\n\n\n<p>En su comparecencia del lunes ante el juez en el Tribunal Federal de Distrito de Brooklyn, se declar\u00f3 culpable de un cargo de participaci\u00f3n en una empresa criminal continuada y de un cargo de conspiraci\u00f3n para extorsionar.<\/p>\n\n\n\n<p>Zambada Garc\u00eda dijo que se empezo a involucrar con el negocio de las drogas ilegales \u00aben 1969, a los 19 a\u00f1os de edad\u00bb,  cuando por primera vez plant\u00f3 marihuana.<\/p>\n\n\n\n<p>A\u00f1adi\u00f3 que reconoc\u00eda \u00abel gran da\u00f1o\u00bb que las drogas ilegales han hecho a las personas en Estados Unidos, M\u00e9xico y otros lugares.<\/p>\n\n\n\n<p>Zambada  fue detenido en julio de 2024 por agentes federales en Texas, tras llegar a Estados Unidos en circunstancias extraordinarias. Hab\u00eda sido secuestrado por el hijo del Chapo, su antiguo socio, quien le hizo subir a un avi\u00f3n Beechcraft King Air con el pretexto de ir a ver unas propiedades inmobiliarias.<\/p>\n\n\n\n<p>El hijo, Joaqu\u00edn Guzm\u00e1n L\u00f3pez, y Zambada Garc\u00eda aterrizaron en un peque\u00f1o aeropuerto a las afueras de El Paso, donde ambos fueron detenidos.<\/p>\n\n\n\n<p>El secuestro convirti\u00f3 Sinaloa en una zona de guerra al estallar un sangriento conflicto entre las facciones rivales del c\u00e1rtel: los leales a Zambada Garc\u00eda, conocidos como los Mayos, y los alineados con los hijos del Chapo, conocidos como los Chapitos. La econom\u00eda del estado se paraliz\u00f3 y, bajo la presi\u00f3n del presidente Donald Trump, la presidenta de M\u00e9xico, Claudia Sheinbaum, envi\u00f3 miles de soldados a Sinaloa para enfrentar la violencia.<\/p>\n\n\n\n<p>Frank Perez, abogado de Zambada Garc\u00eda, dijo que su cliente aceptaba \u00abplena responsabilidad por lo que hizo mal\u00bb. Pidi\u00f3 a los habitantes de Sinaloa que se mantuvieran en paz y \u00abejerzan la moderaci\u00f3n\u00bb.<\/p>\n\n\n\n<p>\u00abNo se gana nada con el derramamiento de sangre; solo ahonda las heridas y prolonga el sufrimiento\u00bb, dijo Perez.<\/p>\n\n\n\n<p>Esta noticia est\u00e1 en desarrollo y se actualizar\u00e1 pr\u00f3ximamente.<\/p>\n","protected":false},"excerpt":{"rendered":"<p>Ismael Zambada Garc\u00eda fundador del C\u00e1rtel de Sinaloa pasar\u00e1 cadena perpetua en prisi\u00f3n. Tras  declararse culpable de dirigir el C\u00e1rtel de Sinaloa durante 50 a\u00f1os.<br \/>\nTendr\u00e1 una multa de 15 millones de d\u00f3lares.<\/p>\n","protected":false},"author":14,"featured_media":50823,"comment_status":"open","ping_status":"open","sticky":false,"template":"","format":"standard","meta":{"footnotes":""},"categories":[8,1],"tags":[42],"class_list":["post-50818","post","type-post","status-publish","format-standard","has-post-thumbnail","hentry","category-internacional","category-uncategorized","tag-internacional"],"_links":{"self":[{"href":"https:\/\/elmercuriomanta.ec\/index.php\/wp-json\/wp\/v2\/posts\/50818","targetHints":{"allow":["GET"]}}],"collection":[{"href":"https:\/\/elmercuriomanta.ec\/index.php\/wp-json\/wp\/v2\/posts"}],"about":[{"href":"https:\/\/elmercuriomanta.ec\/index.php\/wp-json\/wp\/v2\/types\/post"}],"author":[{"embeddable":true,"href":"https:\/\/elmercuriomanta.ec\/index.php\/wp-json\/wp\/v2\/users\/14"}],"replies":[{"embeddable":true,"href":"https:\/\/elmercuriomanta.ec\/index.php\/wp-json\/wp\/v2\/comments?post=50818"}],"version-history":[{"count":1,"href":"https:\/\/elmercuriomanta.ec\/index.php\/wp-json\/wp\/v2\/posts\/50818\/revisions"}],"predecessor-version":[{"id":50829,"href":"https:\/\/elmercuriomanta.ec\/index.php\/wp-json\/wp\/v2\/posts\/50818\/revisions\/50829"}],"wp:featuredmedia":[{"embeddable":true,"href":"https:\/\/elmercuriomanta.ec\/index.php\/wp-json\/wp\/v2\/media\/50823"}],"wp:attachment":[{"href":"https:\/\/elmercuriomanta.ec\/index.php\/wp-json\/wp\/v2\/media?parent=50818"}],"wp:term":[{"taxonomy":"category","embeddable":true,"href":"https:\/\/elmercuriomanta.ec\/index.php\/wp-json\/wp\/v2\/categories?post=50818"},{"taxonomy":"post_tag","embeddable":true,"href":"https:\/\/elmercuriomanta.ec\/index.php\/wp-json\/wp\/v2\/tags?post=50818"}],"curies":[{"name":"wp","href":"https:\/\/api.w.org\/{rel}","templated":true}]}}