{"id":507,"date":"2023-05-31T15:53:04","date_gmt":"2023-05-31T15:53:04","guid":{"rendered":"https:\/\/elmercuriomanta.ec\/?p=507"},"modified":"2023-05-31T15:53:04","modified_gmt":"2023-05-31T15:53:04","slug":"fernando-villavicencio-tuvo-acercamientos-con-otto-sonnenholzner","status":"publish","type":"post","link":"https:\/\/elmercuriomanta.ec\/index.php\/2023\/05\/31\/fernando-villavicencio-tuvo-acercamientos-con-otto-sonnenholzner\/","title":{"rendered":"FERNANDO VILLAVICENCIO TUVO ACERCAMIENTOS CON OTTO SONNENHOLZNER"},"content":{"rendered":"\n<figure class=\"wp-block-image aligncenter size-full\"><img fetchpriority=\"high\" decoding=\"async\" width=\"1005\" height=\"670\" src=\"https:\/\/elmercuriomanta.ec\/wp-content\/uploads\/2023\/05\/image-14.png\" alt=\"\" class=\"wp-image-509\" srcset=\"https:\/\/elmercuriomanta.ec\/wp-content\/uploads\/2023\/05\/image-14.png 1005w, https:\/\/elmercuriomanta.ec\/wp-content\/uploads\/2023\/05\/image-14-300x200.png 300w, https:\/\/elmercuriomanta.ec\/wp-content\/uploads\/2023\/05\/image-14-768x512.png 768w\" sizes=\"(max-width: 1005px) 100vw, 1005px\" \/><figcaption class=\"wp-element-caption\">La campa\u00f1a electoral durar\u00e1 nueve d\u00edas, desde el 8 al 17 de agosto.<\/figcaption><\/figure>\n\n\n\n<p>El candidato a la presidencia de la Rep\u00fablica, Fernando Villavicencio Valencia, no ha conformado alianzas de cara a los comicios anticipados de agosto pr\u00f3ximo. En una entrevista en el programa Contacto Directo de Ecuavisa, dijo que ha hecho invitaciones a otras tiendas pol\u00edticas.<\/p>\n\n\n\n<p>\u00abHe invitado a los dem\u00e1s candidatos y no encuentro ninguna posibilidad de respuesta para buscar una alianza y representar a la gran mayor\u00eda de ecuatorianos para enfrentar a los que gobernaron a este pa\u00eds y quieren volver a seguir llev\u00e1ndose la plata\u00bb, expres\u00f3.<\/p>\n\n\n\n<p>Con el \u00fanico que podr\u00eda unirse es el exvicepresidente Otto Sonnenholzner, porque coincide con los planes y proyectos de Gobierno, pero no tuvo respuestas positivas. Indic\u00f3 que en las pr\u00f3ximas horas anunciar\u00e1 a su binomio, quien ser\u00e1 una mujer de la costa. Patricio Carrillo Rosero, exministro del Interior del presidente Guillermo Lasso Mendoza, encabezar\u00e1 su lista asamble\u00edstas.<\/p>\n\n\n\n<p>Desde esa perspectiva, su lucha se concentrar\u00e1 en la seguridad porque el excomandante de la Polic\u00eda Nacional tiene \u00abla estrategia clara\u00bb para combatir al crimen organizado.<\/p>\n\n\n\n<p>Asegur\u00f3 que hizo una gira en Guayas, Manab\u00ed y Azuay en donde pudo constatar que cuenta con amplio apoyo popular. \u00abLa gente no quiere que vuelva esta Asamblea Nacional de impresentables, tampoco que retorne el Gobierno de los sobornos y sobreprecios\u00bb.<\/p>\n\n\n\n<p><strong>Sus propuestas<\/strong><\/p>\n\n\n\n<p>Villavicencio implementar\u00e1 un Plan Nacional Antiterrorismo. En ese contexto, primero fortalecer\u00e1 a las unidades de \u00e9lite de la Polic\u00eda Nacional (GIR, GOE y Unase). Eso incluye a las unidades de Inteligencia para combatir a los extorsionadores.<\/p>\n\n\n\n<p>Con la Unidad de An\u00e1lisis Financiero (UAFE) se investigar\u00e1 e identificar\u00e1 a los pol\u00edticos, fiscales y jueces que no puedan justificar sus bienes. \u00abSer\u00e1n procesados penalmente. En el plano civil, quienes no puedan justificar sus bienes, es- tos pasar\u00e1n a control del Estado\u00bb.<\/p>\n\n\n\n<p>Se fortalecer\u00e1 los acuerdos con EE.UU. y Europa para enfrentar al crimen organizado. Asimismo, implementar\u00e1 mecanismos para fortalecer a la dolarizaci\u00f3n.<\/p>\n\n\n\n<p>\u00abNo vamos a permitir que nos quiten el d\u00f3lar. La defenderemos frente a la amenaza de quienes buscan volver al poder\u00bb. Tambi\u00e9n renegociar\u00e1 los contratos petroleros que fueron suscritos en la \u00e9poca del expresidente Rafael Correa Delgado.<\/p>\n\n\n\n<p><\/p>\n","protected":false},"excerpt":{"rendered":"<p>El candidato a la presidencia de la Rep\u00fablica, Fernando Villavicencio Valencia, no ha conformado alianzas de cara a los comicios anticipados de agosto pr\u00f3ximo. En una entrevista en el programa Contacto Directo de Ecuavisa, dijo que ha hecho invitaciones a otras tiendas pol\u00edticas. \u00abHe invitado a los dem\u00e1s candidatos y no encuentro ninguna posibilidad de [&hellip;]<\/p>\n","protected":false},"author":12,"featured_media":509,"comment_status":"open","ping_status":"open","sticky":false,"template":"","format":"standard","meta":{"footnotes":""},"categories":[19],"tags":[23,39,22],"class_list":["post-507","post","type-post","status-publish","format-standard","has-post-thumbnail","hentry","category-portada-1","tag-ecuador","tag-elecciones-presidenciales","tag-politica"],"_links":{"self":[{"href":"https:\/\/elmercuriomanta.ec\/index.php\/wp-json\/wp\/v2\/posts\/507","targetHints":{"allow":["GET"]}}],"collection":[{"href":"https:\/\/elmercuriomanta.ec\/index.php\/wp-json\/wp\/v2\/posts"}],"about":[{"href":"https:\/\/elmercuriomanta.ec\/index.php\/wp-json\/wp\/v2\/types\/post"}],"author":[{"embeddable":true,"href":"https:\/\/elmercuriomanta.ec\/index.php\/wp-json\/wp\/v2\/users\/12"}],"replies":[{"embeddable":true,"href":"https:\/\/elmercuriomanta.ec\/index.php\/wp-json\/wp\/v2\/comments?post=507"}],"version-history":[{"count":0,"href":"https:\/\/elmercuriomanta.ec\/index.php\/wp-json\/wp\/v2\/posts\/507\/revisions"}],"wp:featuredmedia":[{"embeddable":true,"href":"https:\/\/elmercuriomanta.ec\/index.php\/wp-json\/wp\/v2\/media\/509"}],"wp:attachment":[{"href":"https:\/\/elmercuriomanta.ec\/index.php\/wp-json\/wp\/v2\/media?parent=507"}],"wp:term":[{"taxonomy":"category","embeddable":true,"href":"https:\/\/elmercuriomanta.ec\/index.php\/wp-json\/wp\/v2\/categories?post=507"},{"taxonomy":"post_tag","embeddable":true,"href":"https:\/\/elmercuriomanta.ec\/index.php\/wp-json\/wp\/v2\/tags?post=507"}],"curies":[{"name":"wp","href":"https:\/\/api.w.org\/{rel}","templated":true}]}}