{"id":50502,"date":"2025-08-20T14:56:35","date_gmt":"2025-08-20T19:56:35","guid":{"rendered":"https:\/\/elmercuriomanta.ec\/?p=50502"},"modified":"2025-08-20T15:01:17","modified_gmt":"2025-08-20T20:01:17","slug":"trump-manda-pintar-el-muro-de-negrola-ultima-capa-contra-la-inmigracion","status":"publish","type":"post","link":"https:\/\/elmercuriomanta.ec\/index.php\/2025\/08\/20\/trump-manda-pintar-el-muro-de-negrola-ultima-capa-contra-la-inmigracion\/","title":{"rendered":"Trump manda pintar el muro fronterizo con M\u00e9xico de negro: la \u00faltima capa contra la inmigraci\u00f3n"},"content":{"rendered":"\n<figure class=\"wp-block-image aligncenter size-large is-resized\"><img fetchpriority=\"high\" decoding=\"async\" width=\"1024\" height=\"682\" src=\"https:\/\/elmercuriomanta.ec\/wp-content\/uploads\/2025\/08\/image-211-1024x682.png\" alt=\"\" class=\"wp-image-50505\" style=\"width:396px;height:auto\" srcset=\"https:\/\/elmercuriomanta.ec\/wp-content\/uploads\/2025\/08\/image-211-1024x682.png 1024w, https:\/\/elmercuriomanta.ec\/wp-content\/uploads\/2025\/08\/image-211-300x200.png 300w, https:\/\/elmercuriomanta.ec\/wp-content\/uploads\/2025\/08\/image-211-768x512.png 768w, https:\/\/elmercuriomanta.ec\/wp-content\/uploads\/2025\/08\/image-211.png 1508w\" sizes=\"(max-width: 1024px) 100vw, 1024px\" \/><\/figure>\n\n\n\n<p>El Gobierno del presidente Donald Trump  comenz\u00f3 a pintar de color negro  el muro fronterizo con M\u00e9xico, con el objetivo de elevar la temperatura de las barras met\u00e1licas y dificultar as\u00ed su escalada, como parte de las medidas para frenar la inmigraci\u00f3n irregular.<\/p>\n\n\n\n<p>La secretaria de Seguridad Nacional, Kristi Noem, present\u00f3 la estrategia este mi\u00e9rcoles, al cumplirse siete meses de la llegada del mandatario republicano a la Casa Blanca, quien mantiene como promesa central reducir a cero la migraci\u00f3n indocumentada. \u201cEste muro marca la diferencia: demasiado alto para escalar, demasiado estrecho para cruzar y ahora, por disposici\u00f3n del presidente, pintado de negro para que el calor lo haga intocable y los inmigrantes ilegales ni siquiera lo intenten\u201d, se\u00f1al\u00f3 en un mensaje en X.<\/p>\n\n\n\n<p>El martes, Noem visit\u00f3 la zona de Santa Teresa, en Nuevo M\u00e9xico, donde explic\u00f3 a los agentes fronterizos que la nueva tonalidad permitir\u00e1 no solo incrementar la temperatura de la estructura \u2014antes de color marr\u00f3n\u2014, sino tambi\u00e9n prolongar la vida \u00fatil del metal. Seg\u00fan la funcionaria, esta modificaci\u00f3n fue ordenada directamente por Trump.<\/p>\n\n\n\n<p>Noem resalt\u00f3 adem\u00e1s que la renovaci\u00f3n del muro facilitar\u00e1 el trabajo de la Oficina de Aduanas y Protecci\u00f3n Fronteriza (CBP). \u201cEs a la vez barrera y s\u00edmbolo: un monumento al compromiso inquebrantable del presidente Trump con la seguridad de Estados Unidos y de su pueblo\u201d, afirm\u00f3.<\/p>\n\n\n\n<p>Los recursos destinados a estas obras \u2014que avanzan a un ritmo aproximado de 800 metros diarios\u2014 provienen de la ley de presupuesto aprobada en julio pasado.<\/p>\n\n\n\n<p><\/p>\n","protected":false},"excerpt":{"rendered":"<p>El Gobierno del presidente Donald Trump  comenz\u00f3 a pintar de color negro  el muro fronterizo con M\u00e9xico, con el objetivo de elevar la temperatura de las barras met\u00e1licas y dificultar as\u00ed su escalada, como parte de las medidas para frenar la inmigraci\u00f3n irregular.<\/p>\n","protected":false},"author":14,"featured_media":50505,"comment_status":"open","ping_status":"open","sticky":false,"template":"","format":"standard","meta":{"footnotes":""},"categories":[8,1],"tags":[42],"class_list":["post-50502","post","type-post","status-publish","format-standard","has-post-thumbnail","hentry","category-internacional","category-uncategorized","tag-internacional"],"_links":{"self":[{"href":"https:\/\/elmercuriomanta.ec\/index.php\/wp-json\/wp\/v2\/posts\/50502","targetHints":{"allow":["GET"]}}],"collection":[{"href":"https:\/\/elmercuriomanta.ec\/index.php\/wp-json\/wp\/v2\/posts"}],"about":[{"href":"https:\/\/elmercuriomanta.ec\/index.php\/wp-json\/wp\/v2\/types\/post"}],"author":[{"embeddable":true,"href":"https:\/\/elmercuriomanta.ec\/index.php\/wp-json\/wp\/v2\/users\/14"}],"replies":[{"embeddable":true,"href":"https:\/\/elmercuriomanta.ec\/index.php\/wp-json\/wp\/v2\/comments?post=50502"}],"version-history":[{"count":3,"href":"https:\/\/elmercuriomanta.ec\/index.php\/wp-json\/wp\/v2\/posts\/50502\/revisions"}],"predecessor-version":[{"id":50506,"href":"https:\/\/elmercuriomanta.ec\/index.php\/wp-json\/wp\/v2\/posts\/50502\/revisions\/50506"}],"wp:featuredmedia":[{"embeddable":true,"href":"https:\/\/elmercuriomanta.ec\/index.php\/wp-json\/wp\/v2\/media\/50505"}],"wp:attachment":[{"href":"https:\/\/elmercuriomanta.ec\/index.php\/wp-json\/wp\/v2\/media?parent=50502"}],"wp:term":[{"taxonomy":"category","embeddable":true,"href":"https:\/\/elmercuriomanta.ec\/index.php\/wp-json\/wp\/v2\/categories?post=50502"},{"taxonomy":"post_tag","embeddable":true,"href":"https:\/\/elmercuriomanta.ec\/index.php\/wp-json\/wp\/v2\/tags?post=50502"}],"curies":[{"name":"wp","href":"https:\/\/api.w.org\/{rel}","templated":true}]}}