{"id":5046,"date":"2023-09-04T10:21:19","date_gmt":"2023-09-04T15:21:19","guid":{"rendered":"https:\/\/elmercuriomanta.ec\/?p=5046"},"modified":"2023-09-04T10:21:19","modified_gmt":"2023-09-04T15:21:19","slug":"taxistas-se-vistieron-de-corto","status":"publish","type":"post","link":"https:\/\/elmercuriomanta.ec\/index.php\/2023\/09\/04\/taxistas-se-vistieron-de-corto\/","title":{"rendered":"Taxistas se vistieron de corto"},"content":{"rendered":"\n<figure class=\"wp-block-image aligncenter size-full\"><img fetchpriority=\"high\" decoding=\"async\" width=\"378\" height=\"173\" src=\"https:\/\/elmercuriomanta.ec\/wp-content\/uploads\/2023\/09\/image-17.png\" alt=\"\" class=\"wp-image-5047\" srcset=\"https:\/\/elmercuriomanta.ec\/wp-content\/uploads\/2023\/09\/image-17.png 378w, https:\/\/elmercuriomanta.ec\/wp-content\/uploads\/2023\/09\/image-17-300x137.png 300w\" sizes=\"(max-width: 378px) 100vw, 378px\" \/><\/figure>\n\n\n\n<p>La lid deportiva intercooperativas de la clase amarilla del puerto cont\u00f3 con la presencia de las principales autoridades del cant\u00f3n, arranc\u00f3 con la participaci\u00f3n de las 17 cooperativas de taxis. La inauguraci\u00f3n se realiz\u00f3 en las instalaciones del estadio Elegol\u00e9, cedido gentilmente por Jos\u00e9 \u201cPaisa\u201d Salazar, posteriormente se dio el ingreso de los equipos al centro de la cancha.<\/p>\n\n\n\n<p>All\u00ed el presidente de la Operadora de Taxis Ecuador Primero, anfitriones de la lid deportiva, Darwin Zamora fue el encargado de dar la bienvenida. Marciana Valdivieso de Poveda, Alcaldesa de Manta, fue quien inaugur\u00f3 oficialmente el Campeonato; mientras que Jefferson Pihuave, Director de Deportes del Gad-Manta fue el encargado del juramento deportivo. La se\u00f1orita deporte de la lid deportiva de la clase amarilla fue la guap\u00edsima Gema Zambrano de la Operadora de Taxi La Tebaida y el mejor uniformado fue para la Cooperativa Jocay.<\/p>\n\n\n\n<p>La lid deportiva durar\u00e1 aproximadamente tres meses, los partidos se los jugar\u00e1n los d\u00edas viernes desde las 08h45en el estadio Elegol\u00e9, dijo el coordinador del torneo, Franklin Varela. La mesa de autoridades estuvo integrada por la Alcaldesa de Manta, Marciana Valdivieso de Poveda; Sebasti\u00e1n Rivadeneira, representante de Segurillantas; Diego Franco, Vicealcalde del puerto; Lady Garc\u00eda, Concejal del cant\u00f3n; Bosco Bermello, Presidente de la Federaci\u00f3n Cantonal de Taxis; Darwin Zamora, Principal de la Operadora de Taxis Ecuador Primero.<\/p>\n\n\n\n<p>Las cooperativas de taxis participantes son<\/p>\n\n\n\n<ul class=\"wp-block-list\">\n<li>1-Jaime Ch\u00e1vez Guti\u00e9rrez<\/li>\n\n\n\n<li>2-Aeropuerto Eloy Alfaro<\/li>\n\n\n\n<li>3-La Universitaria<\/li>\n\n\n\n<li>4-Terminal Mar\u00edtimo<\/li>\n\n\n\n<li>5-4 de noviembre<\/li>\n\n\n\n<li>6-Fomento tur\u00edstico<\/li>\n\n\n\n<li>7-La Tebaida<\/li>\n\n\n\n<li>8-Tarqui<\/li>\n\n\n\n<li>9-Mercado Central<\/li>\n\n\n\n<li>10-Laercio Chiriboga<\/li>\n\n\n\n<li>11-Taxcium<\/li>\n\n\n\n<li>12-Plazoleta Azua<\/li>\n\n\n\n<li>13-Pedro Atanasio Balda<\/li>\n\n\n\n<li>14-11 de enero<\/li>\n\n\n\n<li>15-Ciudad de Manta<\/li>\n\n\n\n<li>16-Jocay<\/li>\n\n\n\n<li>17-Ecuador Primero<\/li>\n<\/ul>\n\n\n\n<div class=\"wp-block-essential-blocks-social\"><div class=\"eb-parent-wrapper eb-parent-eb-social-links-cflw584 \"><div class=\"eb-social-links-cflw584 eb-social-links-wrapper\"><ul class=\"eb-socials\"><li><a class=\"facebook-f-original  \" href=\"\/\/www.facebook.com\/YoSoyElMercurio\/?locale=es_LA\" target=\"_blank\" rel=\"noopener\"><i class=\"hvr-icon eb-social-icon fab fa-facebook-f\"><\/i><\/a><\/li><li><a class=\"twitter-original  \" href=\"\/\/twitter.com\/elmercuriomanta\" target=\"_blank\" rel=\"noopener\"><i class=\"hvr-icon eb-social-icon fab fa-twitter\"><\/i><\/a><\/li><li><a class=\"instagram-original  \" href=\"\/\/www.instagram.com\/elmercuriomanta\/?hl=es\" target=\"_blank\" rel=\"noopener\"><i class=\"hvr-icon eb-social-icon fab fa-instagram\"><\/i><\/a><\/li><\/ul><\/div><\/div><\/div>\n","protected":false},"excerpt":{"rendered":"<p>La lid deportiva intercooperativas de la clase amarilla del puerto cont\u00f3 con la presencia de las principales autoridades del cant\u00f3n, arranc\u00f3 con la participaci\u00f3n de las 17 cooperativas de taxis. La inauguraci\u00f3n se realiz\u00f3 en las instalaciones del estadio Elegol\u00e9, cedido gentilmente por Jos\u00e9 \u201cPaisa\u201d Salazar, posteriormente se dio el ingreso de los equipos al centro de la cancha.<\/p>\n","protected":false},"author":12,"featured_media":5047,"comment_status":"open","ping_status":"open","sticky":false,"template":"","format":"standard","meta":{"footnotes":""},"categories":[1],"tags":[],"class_list":["post-5046","post","type-post","status-publish","format-standard","has-post-thumbnail","hentry","category-uncategorized"],"_links":{"self":[{"href":"https:\/\/elmercuriomanta.ec\/index.php\/wp-json\/wp\/v2\/posts\/5046","targetHints":{"allow":["GET"]}}],"collection":[{"href":"https:\/\/elmercuriomanta.ec\/index.php\/wp-json\/wp\/v2\/posts"}],"about":[{"href":"https:\/\/elmercuriomanta.ec\/index.php\/wp-json\/wp\/v2\/types\/post"}],"author":[{"embeddable":true,"href":"https:\/\/elmercuriomanta.ec\/index.php\/wp-json\/wp\/v2\/users\/12"}],"replies":[{"embeddable":true,"href":"https:\/\/elmercuriomanta.ec\/index.php\/wp-json\/wp\/v2\/comments?post=5046"}],"version-history":[{"count":1,"href":"https:\/\/elmercuriomanta.ec\/index.php\/wp-json\/wp\/v2\/posts\/5046\/revisions"}],"predecessor-version":[{"id":5048,"href":"https:\/\/elmercuriomanta.ec\/index.php\/wp-json\/wp\/v2\/posts\/5046\/revisions\/5048"}],"wp:featuredmedia":[{"embeddable":true,"href":"https:\/\/elmercuriomanta.ec\/index.php\/wp-json\/wp\/v2\/media\/5047"}],"wp:attachment":[{"href":"https:\/\/elmercuriomanta.ec\/index.php\/wp-json\/wp\/v2\/media?parent=5046"}],"wp:term":[{"taxonomy":"category","embeddable":true,"href":"https:\/\/elmercuriomanta.ec\/index.php\/wp-json\/wp\/v2\/categories?post=5046"},{"taxonomy":"post_tag","embeddable":true,"href":"https:\/\/elmercuriomanta.ec\/index.php\/wp-json\/wp\/v2\/tags?post=5046"}],"curies":[{"name":"wp","href":"https:\/\/api.w.org\/{rel}","templated":true}]}}